{"id":903,"date":"2025-11-11T21:04:48","date_gmt":"2025-11-11T20:04:48","guid":{"rendered":"https:\/\/www.cristianoleone.art\/?p=903"},"modified":"2025-11-11T21:04:48","modified_gmt":"2025-11-11T20:04:48","slug":"nel-segno-del-vecchietta-siena-riscopre-il-cuore-rinascimentale-di-santa-maria-della-scala","status":"publish","type":"post","link":"https:\/\/www.cristianoleone.art\/it\/nel-segno-del-vecchietta-siena-riscopre-il-cuore-rinascimentale-di-santa-maria-della-scala\/","title":{"rendered":"Nel segno del Vecchietta: Siena riscopre il cuore rinascimentale di Santa Maria della Scala"},"content":{"rendered":"<div class=\"article-content lh-lg mb-5\">\n<p>Vista l\u2019eccezionalit\u00e0 di questo patrimonio e la sua centralit\u00e0 simbolica e culturale \u00e8 apparso evidente che l\u2019opera di rigenerazione e di ripensamento di questo polo museale, a cinquant\u2019anni dalla sua nascita, diventasse obiettivo primario da parte\u00a0<a href=\"https:\/\/www.exibart.com\/musei\/a-siena-nascera-uno-dei-poli-culturali-piu-articolati-ditalia-intervista-al-presidente-di-santa-maria-della-scala\/\">di\u00a0<strong>Cristiano Leone<\/strong>, Presidente dell\u2019istituzione<\/a>\u00a0e stratega di un\u2019ambiziosa missione di ripensamento di Santa Maria alla Scala per i prossimi decenni.<\/p>\n<\/div>\n<div class=\"d-grid gap-2 gap-lg-3 mb-5\">\n<p><a href=\"https:\/\/www.exibart.com\/arte-antica\/nel-segno-del-vecchietta-siena-riscopre-il-cuore-rinascimentale-di-santa-maria-della-scala\/\">Continua a leggere su exibart<\/a><\/p>\n<\/div>\n<div class=\"bg-light d-flex align-items-center p-3 mb-5\">\n<p>&nbsp;<\/p>\n<\/div>\n","protected":false},"excerpt":{"rendered":"<p>Vista l\u2019eccezionalit\u00e0 di questo patrimonio e la sua centralit\u00e0 simbolica e culturale \u00e8 apparso evidente che l\u2019opera di rigenerazione e di ripensamento di questo polo museale, a cinquant\u2019anni dalla sua nascita, diventasse obiettivo primario da parte\u00a0di\u00a0Cristiano Leone, Presidente dell\u2019istituzione\u00a0e stratega di un\u2019ambiziosa missione di ripensamento di Santa Maria alla Scala per i prossimi decenni. Continua<a class=\"excerpt-read-more\" href=\"https:\/\/www.cristianoleone.art\/it\/nel-segno-del-vecchietta-siena-riscopre-il-cuore-rinascimentale-di-santa-maria-della-scala\/\" title=\"ReadNel segno del Vecchietta: Siena riscopre il cuore rinascimentale di Santa Maria della Scala\">&#8230; Read more &raquo;<\/a><\/p>\n","protected":false},"author":5,"featured_media":836,"comment_status":"closed","ping_status":"closed","sticky":false,"template":"","format":"standard","meta":{"_acf_changed":false,"footnotes":""},"categories":[1],"tags":[],"class_list":["post-903","post","type-post","status-publish","format-standard","has-post-thumbnail","hentry","category-news"],"acf":[],"yoast_head":"<!-- This site is optimized with the Yoast SEO plugin v24.4 - https:\/\/yoast.com\/wordpress\/plugins\/seo\/ -->\n<title>Nel segno del Vecchietta: Siena riscopre il cuore rinascimentale di Santa Maria della Scala - Cristiano Leone<\/title>\n<meta name=\"robots\" content=\"index, follow, max-snippet:-1, max-image-preview:large, max-video-preview:-1\" \/>\n<link rel=\"canonical\" href=\"https:\/\/www.cristianoleone.art\/it\/nel-segno-del-vecchietta-siena-riscopre-il-cuore-rinascimentale-di-santa-maria-della-scala\/\" \/>\n<meta property=\"og:locale\" content=\"it_IT\" \/>\n<meta property=\"og:type\" content=\"article\" \/>\n<meta property=\"og:title\" content=\"Nel segno del Vecchietta: Siena riscopre il cuore rinascimentale di Santa Maria della Scala - Cristiano Leone\" \/>\n<meta property=\"og:description\" content=\"Vista l\u2019eccezionalit\u00e0 di questo patrimonio e la sua centralit\u00e0 simbolica e culturale \u00e8 apparso evidente che l\u2019opera di rigenerazione e di ripensamento di questo polo museale, a cinquant\u2019anni dalla sua nascita, diventasse obiettivo primario da parte\u00a0di\u00a0Cristiano Leone, Presidente dell\u2019istituzione\u00a0e stratega di un\u2019ambiziosa missione di ripensamento di Santa Maria alla Scala per i prossimi decenni. Continua... Read more &raquo;\" \/>\n<meta property=\"og:url\" content=\"https:\/\/www.cristianoleone.art\/it\/nel-segno-del-vecchietta-siena-riscopre-il-cuore-rinascimentale-di-santa-maria-della-scala\/\" \/>\n<meta property=\"og:site_name\" content=\"Cristiano Leone\" \/>\n<meta property=\"article:published_time\" content=\"2025-11-11T20:04:48+00:00\" \/>\n<meta property=\"og:image\" content=\"https:\/\/www.cristianoleone.art\/wp-content\/uploads\/2025\/07\/pellegrinaio-Ph.-Luca-Deravignone.jpg\" \/>\n\t<meta property=\"og:image:width\" content=\"1200\" \/>\n\t<meta property=\"og:image:height\" content=\"800\" \/>\n\t<meta property=\"og:image:type\" content=\"image\/jpeg\" \/>\n<meta name=\"author\" content=\"Davide\" \/>\n<meta name=\"twitter:card\" content=\"summary_large_image\" \/>\n<meta name=\"twitter:label1\" content=\"Scritto da\" \/>\n\t<meta name=\"twitter:data1\" content=\"Davide\" \/>\n\t<meta name=\"twitter:label2\" content=\"Tempo di lettura stimato\" \/>\n\t<meta name=\"twitter:data2\" content=\"1 minuto\" \/>\n<script type=\"application\/ld+json\" class=\"yoast-schema-graph\">{\"@context\":\"https:\/\/schema.org\",\"@graph\":[{\"@type\":\"Article\",\"@id\":\"https:\/\/www.cristianoleone.art\/it\/nel-segno-del-vecchietta-siena-riscopre-il-cuore-rinascimentale-di-santa-maria-della-scala\/#article\",\"isPartOf\":{\"@id\":\"https:\/\/www.cristianoleone.art\/it\/nel-segno-del-vecchietta-siena-riscopre-il-cuore-rinascimentale-di-santa-maria-della-scala\/\"},\"author\":{\"name\":\"Davide\",\"@id\":\"https:\/\/www.cristianoleone.art\/it\/#\/schema\/person\/dcb6be6e188a30d9e9cdaa4accf24b60\"},\"headline\":\"Nel segno del Vecchietta: Siena riscopre il cuore rinascimentale di Santa Maria della Scala\",\"datePublished\":\"2025-11-11T20:04:48+00:00\",\"mainEntityOfPage\":{\"@id\":\"https:\/\/www.cristianoleone.art\/it\/nel-segno-del-vecchietta-siena-riscopre-il-cuore-rinascimentale-di-santa-maria-della-scala\/\"},\"wordCount\":81,\"publisher\":{\"@id\":\"https:\/\/www.cristianoleone.art\/it\/#organization\"},\"image\":{\"@id\":\"https:\/\/www.cristianoleone.art\/it\/nel-segno-del-vecchietta-siena-riscopre-il-cuore-rinascimentale-di-santa-maria-della-scala\/#primaryimage\"},\"thumbnailUrl\":\"https:\/\/www.cristianoleone.art\/wp-content\/uploads\/2025\/07\/pellegrinaio-Ph.-Luca-Deravignone.jpg\",\"articleSection\":[\"News\"],\"inLanguage\":\"it-IT\"},{\"@type\":\"WebPage\",\"@id\":\"https:\/\/www.cristianoleone.art\/it\/nel-segno-del-vecchietta-siena-riscopre-il-cuore-rinascimentale-di-santa-maria-della-scala\/\",\"url\":\"https:\/\/www.cristianoleone.art\/it\/nel-segno-del-vecchietta-siena-riscopre-il-cuore-rinascimentale-di-santa-maria-della-scala\/\",\"name\":\"Nel segno del Vecchietta: Siena riscopre il cuore rinascimentale di Santa Maria della Scala - Cristiano Leone\",\"isPartOf\":{\"@id\":\"https:\/\/www.cristianoleone.art\/it\/#website\"},\"primaryImageOfPage\":{\"@id\":\"https:\/\/www.cristianoleone.art\/it\/nel-segno-del-vecchietta-siena-riscopre-il-cuore-rinascimentale-di-santa-maria-della-scala\/#primaryimage\"},\"image\":{\"@id\":\"https:\/\/www.cristianoleone.art\/it\/nel-segno-del-vecchietta-siena-riscopre-il-cuore-rinascimentale-di-santa-maria-della-scala\/#primaryimage\"},\"thumbnailUrl\":\"https:\/\/www.cristianoleone.art\/wp-content\/uploads\/2025\/07\/pellegrinaio-Ph.-Luca-Deravignone.jpg\",\"datePublished\":\"2025-11-11T20:04:48+00:00\",\"breadcrumb\":{\"@id\":\"https:\/\/www.cristianoleone.art\/it\/nel-segno-del-vecchietta-siena-riscopre-il-cuore-rinascimentale-di-santa-maria-della-scala\/#breadcrumb\"},\"inLanguage\":\"it-IT\",\"potentialAction\":[{\"@type\":\"ReadAction\",\"target\":[\"https:\/\/www.cristianoleone.art\/it\/nel-segno-del-vecchietta-siena-riscopre-il-cuore-rinascimentale-di-santa-maria-della-scala\/\"]}]},{\"@type\":\"ImageObject\",\"inLanguage\":\"it-IT\",\"@id\":\"https:\/\/www.cristianoleone.art\/it\/nel-segno-del-vecchietta-siena-riscopre-il-cuore-rinascimentale-di-santa-maria-della-scala\/#primaryimage\",\"url\":\"https:\/\/www.cristianoleone.art\/wp-content\/uploads\/2025\/07\/pellegrinaio-Ph.-Luca-Deravignone.jpg\",\"contentUrl\":\"https:\/\/www.cristianoleone.art\/wp-content\/uploads\/2025\/07\/pellegrinaio-Ph.-Luca-Deravignone.jpg\",\"width\":1200,\"height\":800},{\"@type\":\"BreadcrumbList\",\"@id\":\"https:\/\/www.cristianoleone.art\/it\/nel-segno-del-vecchietta-siena-riscopre-il-cuore-rinascimentale-di-santa-maria-della-scala\/#breadcrumb\",\"itemListElement\":[{\"@type\":\"ListItem\",\"position\":1,\"name\":\"Home\",\"item\":\"https:\/\/www.cristianoleone.art\/it\/\"},{\"@type\":\"ListItem\",\"position\":2,\"name\":\"Nel segno del Vecchietta: Siena riscopre il cuore rinascimentale di Santa Maria della Scala\"}]},{\"@type\":\"WebSite\",\"@id\":\"https:\/\/www.cristianoleone.art\/it\/#website\",\"url\":\"https:\/\/www.cristianoleone.art\/it\/\",\"name\":\"Cristiano Leone\",\"description\":\"\",\"publisher\":{\"@id\":\"https:\/\/www.cristianoleone.art\/it\/#organization\"},\"potentialAction\":[{\"@type\":\"SearchAction\",\"target\":{\"@type\":\"EntryPoint\",\"urlTemplate\":\"https:\/\/www.cristianoleone.art\/it\/?s={search_term_string}\"},\"query-input\":{\"@type\":\"PropertyValueSpecification\",\"valueRequired\":true,\"valueName\":\"search_term_string\"}}],\"inLanguage\":\"it-IT\"},{\"@type\":\"Organization\",\"@id\":\"https:\/\/www.cristianoleone.art\/it\/#organization\",\"name\":\"Cristiano Leone\",\"url\":\"https:\/\/www.cristianoleone.art\/it\/\",\"logo\":{\"@type\":\"ImageObject\",\"inLanguage\":\"it-IT\",\"@id\":\"https:\/\/www.cristianoleone.art\/it\/#\/schema\/logo\/image\/\",\"url\":\"https:\/\/www.cristianoleone.art\/wp-content\/uploads\/2024\/06\/logo.png\",\"contentUrl\":\"https:\/\/www.cristianoleone.art\/wp-content\/uploads\/2024\/06\/logo.png\",\"width\":278,\"height\":50,\"caption\":\"Cristiano Leone\"},\"image\":{\"@id\":\"https:\/\/www.cristianoleone.art\/it\/#\/schema\/logo\/image\/\"}},{\"@type\":\"Person\",\"@id\":\"https:\/\/www.cristianoleone.art\/it\/#\/schema\/person\/dcb6be6e188a30d9e9cdaa4accf24b60\",\"name\":\"Davide\",\"image\":{\"@type\":\"ImageObject\",\"inLanguage\":\"it-IT\",\"@id\":\"https:\/\/www.cristianoleone.art\/it\/#\/schema\/person\/image\/\",\"url\":\"https:\/\/secure.gravatar.com\/avatar\/1bf109b4e9e1759fe0904860a31a55339d0b9ade610b176525bb0ef8ab781962?s=96&d=mm&r=g\",\"contentUrl\":\"https:\/\/secure.gravatar.com\/avatar\/1bf109b4e9e1759fe0904860a31a55339d0b9ade610b176525bb0ef8ab781962?s=96&d=mm&r=g\",\"caption\":\"Davide\"}}]}<\/script>\n<!-- \/ Yoast SEO plugin. -->","yoast_head_json":{"title":"Nel segno del Vecchietta: Siena riscopre il cuore rinascimentale di Santa Maria della Scala - Cristiano Leone","robots":{"index":"index","follow":"follow","max-snippet":"max-snippet:-1","max-image-preview":"max-image-preview:large","max-video-preview":"max-video-preview:-1"},"canonical":"https:\/\/www.cristianoleone.art\/it\/nel-segno-del-vecchietta-siena-riscopre-il-cuore-rinascimentale-di-santa-maria-della-scala\/","og_locale":"it_IT","og_type":"article","og_title":"Nel segno del Vecchietta: Siena riscopre il cuore rinascimentale di Santa Maria della Scala - Cristiano Leone","og_description":"Vista l\u2019eccezionalit\u00e0 di questo patrimonio e la sua centralit\u00e0 simbolica e culturale \u00e8 apparso evidente che l\u2019opera di rigenerazione e di ripensamento di questo polo museale, a cinquant\u2019anni dalla sua nascita, diventasse obiettivo primario da parte\u00a0di\u00a0Cristiano Leone, Presidente dell\u2019istituzione\u00a0e stratega di un\u2019ambiziosa missione di ripensamento di Santa Maria alla Scala per i prossimi decenni. Continua... Read more &raquo;","og_url":"https:\/\/www.cristianoleone.art\/it\/nel-segno-del-vecchietta-siena-riscopre-il-cuore-rinascimentale-di-santa-maria-della-scala\/","og_site_name":"Cristiano Leone","article_published_time":"2025-11-11T20:04:48+00:00","og_image":[{"width":1200,"height":800,"url":"https:\/\/www.cristianoleone.art\/wp-content\/uploads\/2025\/07\/pellegrinaio-Ph.-Luca-Deravignone.jpg","type":"image\/jpeg"}],"author":"Davide","twitter_card":"summary_large_image","twitter_misc":{"Scritto da":"Davide","Tempo di lettura stimato":"1 minuto"},"schema":{"@context":"https:\/\/schema.org","@graph":[{"@type":"Article","@id":"https:\/\/www.cristianoleone.art\/it\/nel-segno-del-vecchietta-siena-riscopre-il-cuore-rinascimentale-di-santa-maria-della-scala\/#article","isPartOf":{"@id":"https:\/\/www.cristianoleone.art\/it\/nel-segno-del-vecchietta-siena-riscopre-il-cuore-rinascimentale-di-santa-maria-della-scala\/"},"author":{"name":"Davide","@id":"https:\/\/www.cristianoleone.art\/it\/#\/schema\/person\/dcb6be6e188a30d9e9cdaa4accf24b60"},"headline":"Nel segno del Vecchietta: Siena riscopre il cuore rinascimentale di Santa Maria della Scala","datePublished":"2025-11-11T20:04:48+00:00","mainEntityOfPage":{"@id":"https:\/\/www.cristianoleone.art\/it\/nel-segno-del-vecchietta-siena-riscopre-il-cuore-rinascimentale-di-santa-maria-della-scala\/"},"wordCount":81,"publisher":{"@id":"https:\/\/www.cristianoleone.art\/it\/#organization"},"image":{"@id":"https:\/\/www.cristianoleone.art\/it\/nel-segno-del-vecchietta-siena-riscopre-il-cuore-rinascimentale-di-santa-maria-della-scala\/#primaryimage"},"thumbnailUrl":"https:\/\/www.cristianoleone.art\/wp-content\/uploads\/2025\/07\/pellegrinaio-Ph.-Luca-Deravignone.jpg","articleSection":["News"],"inLanguage":"it-IT"},{"@type":"WebPage","@id":"https:\/\/www.cristianoleone.art\/it\/nel-segno-del-vecchietta-siena-riscopre-il-cuore-rinascimentale-di-santa-maria-della-scala\/","url":"https:\/\/www.cristianoleone.art\/it\/nel-segno-del-vecchietta-siena-riscopre-il-cuore-rinascimentale-di-santa-maria-della-scala\/","name":"Nel segno del Vecchietta: Siena riscopre il cuore rinascimentale di Santa Maria della Scala - Cristiano Leone","isPartOf":{"@id":"https:\/\/www.cristianoleone.art\/it\/#website"},"primaryImageOfPage":{"@id":"https:\/\/www.cristianoleone.art\/it\/nel-segno-del-vecchietta-siena-riscopre-il-cuore-rinascimentale-di-santa-maria-della-scala\/#primaryimage"},"image":{"@id":"https:\/\/www.cristianoleone.art\/it\/nel-segno-del-vecchietta-siena-riscopre-il-cuore-rinascimentale-di-santa-maria-della-scala\/#primaryimage"},"thumbnailUrl":"https:\/\/www.cristianoleone.art\/wp-content\/uploads\/2025\/07\/pellegrinaio-Ph.-Luca-Deravignone.jpg","datePublished":"2025-11-11T20:04:48+00:00","breadcrumb":{"@id":"https:\/\/www.cristianoleone.art\/it\/nel-segno-del-vecchietta-siena-riscopre-il-cuore-rinascimentale-di-santa-maria-della-scala\/#breadcrumb"},"inLanguage":"it-IT","potentialAction":[{"@type":"ReadAction","target":["https:\/\/www.cristianoleone.art\/it\/nel-segno-del-vecchietta-siena-riscopre-il-cuore-rinascimentale-di-santa-maria-della-scala\/"]}]},{"@type":"ImageObject","inLanguage":"it-IT","@id":"https:\/\/www.cristianoleone.art\/it\/nel-segno-del-vecchietta-siena-riscopre-il-cuore-rinascimentale-di-santa-maria-della-scala\/#primaryimage","url":"https:\/\/www.cristianoleone.art\/wp-content\/uploads\/2025\/07\/pellegrinaio-Ph.-Luca-Deravignone.jpg","contentUrl":"https:\/\/www.cristianoleone.art\/wp-content\/uploads\/2025\/07\/pellegrinaio-Ph.-Luca-Deravignone.jpg","width":1200,"height":800},{"@type":"BreadcrumbList","@id":"https:\/\/www.cristianoleone.art\/it\/nel-segno-del-vecchietta-siena-riscopre-il-cuore-rinascimentale-di-santa-maria-della-scala\/#breadcrumb","itemListElement":[{"@type":"ListItem","position":1,"name":"Home","item":"https:\/\/www.cristianoleone.art\/it\/"},{"@type":"ListItem","position":2,"name":"Nel segno del Vecchietta: Siena riscopre il cuore rinascimentale di Santa Maria della Scala"}]},{"@type":"WebSite","@id":"https:\/\/www.cristianoleone.art\/it\/#website","url":"https:\/\/www.cristianoleone.art\/it\/","name":"Cristiano Leone","description":"","publisher":{"@id":"https:\/\/www.cristianoleone.art\/it\/#organization"},"potentialAction":[{"@type":"SearchAction","target":{"@type":"EntryPoint","urlTemplate":"https:\/\/www.cristianoleone.art\/it\/?s={search_term_string}"},"query-input":{"@type":"PropertyValueSpecification","valueRequired":true,"valueName":"search_term_string"}}],"inLanguage":"it-IT"},{"@type":"Organization","@id":"https:\/\/www.cristianoleone.art\/it\/#organization","name":"Cristiano Leone","url":"https:\/\/www.cristianoleone.art\/it\/","logo":{"@type":"ImageObject","inLanguage":"it-IT","@id":"https:\/\/www.cristianoleone.art\/it\/#\/schema\/logo\/image\/","url":"https:\/\/www.cristianoleone.art\/wp-content\/uploads\/2024\/06\/logo.png","contentUrl":"https:\/\/www.cristianoleone.art\/wp-content\/uploads\/2024\/06\/logo.png","width":278,"height":50,"caption":"Cristiano Leone"},"image":{"@id":"https:\/\/www.cristianoleone.art\/it\/#\/schema\/logo\/image\/"}},{"@type":"Person","@id":"https:\/\/www.cristianoleone.art\/it\/#\/schema\/person\/dcb6be6e188a30d9e9cdaa4accf24b60","name":"Davide","image":{"@type":"ImageObject","inLanguage":"it-IT","@id":"https:\/\/www.cristianoleone.art\/it\/#\/schema\/person\/image\/","url":"https:\/\/secure.gravatar.com\/avatar\/1bf109b4e9e1759fe0904860a31a55339d0b9ade610b176525bb0ef8ab781962?s=96&d=mm&r=g","contentUrl":"https:\/\/secure.gravatar.com\/avatar\/1bf109b4e9e1759fe0904860a31a55339d0b9ade610b176525bb0ef8ab781962?s=96&d=mm&r=g","caption":"Davide"}}]}},"_links":{"self":[{"href":"https:\/\/www.cristianoleone.art\/it\/wp-json\/wp\/v2\/posts\/903","targetHints":{"allow":["GET"]}}],"collection":[{"href":"https:\/\/www.cristianoleone.art\/it\/wp-json\/wp\/v2\/posts"}],"about":[{"href":"https:\/\/www.cristianoleone.art\/it\/wp-json\/wp\/v2\/types\/post"}],"author":[{"embeddable":true,"href":"https:\/\/www.cristianoleone.art\/it\/wp-json\/wp\/v2\/users\/5"}],"replies":[{"embeddable":true,"href":"https:\/\/www.cristianoleone.art\/it\/wp-json\/wp\/v2\/comments?post=903"}],"version-history":[{"count":1,"href":"https:\/\/www.cristianoleone.art\/it\/wp-json\/wp\/v2\/posts\/903\/revisions"}],"predecessor-version":[{"id":904,"href":"https:\/\/www.cristianoleone.art\/it\/wp-json\/wp\/v2\/posts\/903\/revisions\/904"}],"wp:featuredmedia":[{"embeddable":true,"href":"https:\/\/www.cristianoleone.art\/it\/wp-json\/wp\/v2\/media\/836"}],"wp:attachment":[{"href":"https:\/\/www.cristianoleone.art\/it\/wp-json\/wp\/v2\/media?parent=903"}],"wp:term":[{"taxonomy":"category","embeddable":true,"href":"https:\/\/www.cristianoleone.art\/it\/wp-json\/wp\/v2\/categories?post=903"},{"taxonomy":"post_tag","embeddable":true,"href":"https:\/\/www.cristianoleone.art\/it\/wp-json\/wp\/v2\/tags?post=903"}],"curies":[{"name":"wp","href":"https:\/\/api.w.org\/{rel}","templated":true}]}}