{"id":890,"date":"2025-10-27T10:16:09","date_gmt":"2025-10-27T09:16:09","guid":{"rendered":"https:\/\/www.cristianoleone.art\/?p=890"},"modified":"2025-10-27T10:16:09","modified_gmt":"2025-10-27T09:16:09","slug":"siena-lopera-di-jacob-hashimoto-vola-dal-santa-maria-della-scala-al-moma-di-san-francisco","status":"publish","type":"post","link":"https:\/\/www.cristianoleone.art\/it\/siena-lopera-di-jacob-hashimoto-vola-dal-santa-maria-della-scala-al-moma-di-san-francisco\/","title":{"rendered":"Siena, l\u2019opera di Jacob Hashimoto vola dal Santa Maria della Scala al MoMA di San Francisco"},"content":{"rendered":"<div class=\"article-content lh-lg mb-5\">\n<p>Un intreccio di luce, memoria e spiritualit\u00e0 che parte dal cuore di Siena per arrivare fino a San Francisco. \u00c8 questo il viaggio straordinario dell\u2019installazione site-specific firmata dall\u2019artista americano Jacob Hashimoto, realizzata per il Santa Maria della Scala e prossima a essere accolta dal San Francisco Museum of Modern Art (MoMA), uno dei templi mondiali dell\u2019arte contemporanea.<\/p>\n<p>Ad annunciarlo \u00e8\u00a0<strong>Cristiano Leone, presidente della Fondazione Santa Maria della Scala,<\/strong>\u00a0che sottolinea come questo progetto rappresenti pienamente la nuova direzione artistica e culturale del complesso museale.<\/p>\n<p>\u201cAvevamo bisogno di una programmazione davvero concepita per il Santa Maria della Scala \u2013<strong>\u00a0spiega Leone<\/strong>\u00a0\u2013 e Hashimoto ha saputo interpretare perfettamente lo spirito del luogo. \u00c8 venuto da New York, ha incontrato i cittadini, ha ascoltato le loro storie e ha trasformato tutto questo in un omaggio poetico alle anime che nei secoli hanno attraversato questi spazi\u201d.<\/p>\n<p>L\u2019installazione, monumentale e delicata allo stesso tempo, si innalza per 17 metri e raccoglie oltre 3.000 aquiloni sospesi, simbolo delle anime che abitano la memoria dell\u2019antico ospedale. Il gioco di trasparenze, ombre e leggerezza crea un dialogo intenso con l\u2019architettura del complesso, trasformando la grande navata in un luogo di contemplazione e stupore.<\/p>\n<p><strong>Per Leone, l\u2019opera di Hashimoto segna un passaggio chiave nel percorso di rilancio del Santa Maria<\/strong>: \u201cQuesta installazione nasce per Siena, ma parla un linguaggio universale. \u00c8 un ponte tra passato e presente, tra la storia millenaria di questo luogo e il respiro globale dell\u2019arte contemporanea. Il fatto che dopo la sua permanenza qui approder\u00e0 al MoMA \u00e8 un riconoscimento straordinario non solo per il progetto, ma anche per la citt\u00e0 che l\u2019ha ispirato\u201d. Un volo simbolico, dunque, quello degli aquiloni di Hashimoto: dalla collina senese alla baia di San Francisco, portando con s\u00e9 le voci, le memorie e la bellezza di un luogo che continua a generare arte e visione.<\/p>\n<\/div>\n<div class=\"d-grid gap-2 gap-lg-3 mb-5\"><\/div>\n<div class=\"bg-light d-flex align-items-center p-3 mb-5\">\n<p><a href=\"https:\/\/www.radiosienatv.it\/siena-lopera-di-jacob-hashimoto-vola-dal-santa-maria-della-scala-al-moma\/\">Da Radio Siena TV | Simona Sassetti<\/a><\/p>\n<p>Altre pubblicazioni:<\/p>\n<p><a href=\"https:\/\/sienanews.it\/in-evidenza\/gli-aquiloni-di-siena-volano-al-moma-hashimoto-conquista-san-francisco-con-path-to-the-sky\/\">Sienanews<\/a><\/p>\n<p><a href=\"https:\/\/www.gazzettadisiena.it\/siena-unimportante-opera-darte-del-santa-maria-della-scala-andra-in-uno-dei-piu-importanti-musei-del-mondo\/amp\/\">Gazzetta di Siena<\/a><\/p>\n<\/div>\n","protected":false},"excerpt":{"rendered":"<p>Un intreccio di luce, memoria e spiritualit\u00e0 che parte dal cuore di Siena per arrivare fino a San Francisco. \u00c8 questo il viaggio straordinario dell\u2019installazione site-specific firmata dall\u2019artista americano Jacob Hashimoto, realizzata per il Santa Maria della Scala e prossima a essere accolta dal San Francisco Museum of Modern Art (MoMA), uno dei templi mondiali<a class=\"excerpt-read-more\" href=\"https:\/\/www.cristianoleone.art\/it\/siena-lopera-di-jacob-hashimoto-vola-dal-santa-maria-della-scala-al-moma-di-san-francisco\/\" title=\"ReadSiena, l\u2019opera di Jacob Hashimoto vola dal Santa Maria della Scala al MoMA di San Francisco\">&#8230; Read more &raquo;<\/a><\/p>\n","protected":false},"author":5,"featured_media":891,"comment_status":"closed","ping_status":"closed","sticky":false,"template":"","format":"standard","meta":{"_acf_changed":false,"footnotes":""},"categories":[19],"tags":[],"class_list":["post-890","post","type-post","status-publish","format-standard","has-post-thumbnail","hentry","category-news-it"],"acf":[],"yoast_head":"<!-- This site is optimized with the Yoast SEO plugin v24.4 - https:\/\/yoast.com\/wordpress\/plugins\/seo\/ -->\n<title>Siena, l\u2019opera di Jacob Hashimoto vola dal Santa Maria della Scala al MoMA di San Francisco - Cristiano Leone<\/title>\n<meta name=\"robots\" content=\"index, follow, max-snippet:-1, max-image-preview:large, max-video-preview:-1\" \/>\n<link rel=\"canonical\" href=\"https:\/\/www.cristianoleone.art\/it\/siena-lopera-di-jacob-hashimoto-vola-dal-santa-maria-della-scala-al-moma-di-san-francisco\/\" \/>\n<meta property=\"og:locale\" content=\"it_IT\" \/>\n<meta property=\"og:type\" content=\"article\" \/>\n<meta property=\"og:title\" content=\"Siena, l\u2019opera di Jacob Hashimoto vola dal Santa Maria della Scala al MoMA di San Francisco - Cristiano Leone\" \/>\n<meta property=\"og:description\" content=\"Un intreccio di luce, memoria e spiritualit\u00e0 che parte dal cuore di Siena per arrivare fino a San Francisco. \u00c8 questo il viaggio straordinario dell\u2019installazione site-specific firmata dall\u2019artista americano Jacob Hashimoto, realizzata per il Santa Maria della Scala e prossima a essere accolta dal San Francisco Museum of Modern Art (MoMA), uno dei templi mondiali... Read more &raquo;\" \/>\n<meta property=\"og:url\" content=\"https:\/\/www.cristianoleone.art\/it\/siena-lopera-di-jacob-hashimoto-vola-dal-santa-maria-della-scala-al-moma-di-san-francisco\/\" \/>\n<meta property=\"og:site_name\" content=\"Cristiano Leone\" \/>\n<meta property=\"article:published_time\" content=\"2025-10-27T09:16:09+00:00\" \/>\n<meta property=\"og:image\" content=\"https:\/\/www.cristianoleone.art\/wp-content\/uploads\/2025\/10\/01.jpg\" \/>\n\t<meta property=\"og:image:width\" content=\"1920\" \/>\n\t<meta property=\"og:image:height\" content=\"1280\" \/>\n\t<meta property=\"og:image:type\" content=\"image\/jpeg\" \/>\n<meta name=\"author\" content=\"Davide\" \/>\n<meta name=\"twitter:card\" content=\"summary_large_image\" \/>\n<meta name=\"twitter:label1\" content=\"Scritto da\" \/>\n\t<meta name=\"twitter:data1\" content=\"Davide\" \/>\n\t<meta name=\"twitter:label2\" content=\"Tempo di lettura stimato\" \/>\n\t<meta name=\"twitter:data2\" content=\"2 minuti\" \/>\n<script type=\"application\/ld+json\" class=\"yoast-schema-graph\">{\"@context\":\"https:\/\/schema.org\",\"@graph\":[{\"@type\":\"Article\",\"@id\":\"https:\/\/www.cristianoleone.art\/it\/siena-lopera-di-jacob-hashimoto-vola-dal-santa-maria-della-scala-al-moma-di-san-francisco\/#article\",\"isPartOf\":{\"@id\":\"https:\/\/www.cristianoleone.art\/it\/siena-lopera-di-jacob-hashimoto-vola-dal-santa-maria-della-scala-al-moma-di-san-francisco\/\"},\"author\":{\"name\":\"Davide\",\"@id\":\"https:\/\/www.cristianoleone.art\/it\/#\/schema\/person\/dcb6be6e188a30d9e9cdaa4accf24b60\"},\"headline\":\"Siena, l\u2019opera di Jacob Hashimoto vola dal Santa Maria della Scala al MoMA di San Francisco\",\"datePublished\":\"2025-10-27T09:16:09+00:00\",\"mainEntityOfPage\":{\"@id\":\"https:\/\/www.cristianoleone.art\/it\/siena-lopera-di-jacob-hashimoto-vola-dal-santa-maria-della-scala-al-moma-di-san-francisco\/\"},\"wordCount\":337,\"publisher\":{\"@id\":\"https:\/\/www.cristianoleone.art\/it\/#organization\"},\"image\":{\"@id\":\"https:\/\/www.cristianoleone.art\/it\/siena-lopera-di-jacob-hashimoto-vola-dal-santa-maria-della-scala-al-moma-di-san-francisco\/#primaryimage\"},\"thumbnailUrl\":\"https:\/\/www.cristianoleone.art\/wp-content\/uploads\/2025\/10\/01.jpg\",\"articleSection\":[\"News\"],\"inLanguage\":\"it-IT\"},{\"@type\":\"WebPage\",\"@id\":\"https:\/\/www.cristianoleone.art\/it\/siena-lopera-di-jacob-hashimoto-vola-dal-santa-maria-della-scala-al-moma-di-san-francisco\/\",\"url\":\"https:\/\/www.cristianoleone.art\/it\/siena-lopera-di-jacob-hashimoto-vola-dal-santa-maria-della-scala-al-moma-di-san-francisco\/\",\"name\":\"Siena, l\u2019opera di Jacob Hashimoto vola dal Santa Maria della Scala al MoMA di San Francisco - Cristiano Leone\",\"isPartOf\":{\"@id\":\"https:\/\/www.cristianoleone.art\/it\/#website\"},\"primaryImageOfPage\":{\"@id\":\"https:\/\/www.cristianoleone.art\/it\/siena-lopera-di-jacob-hashimoto-vola-dal-santa-maria-della-scala-al-moma-di-san-francisco\/#primaryimage\"},\"image\":{\"@id\":\"https:\/\/www.cristianoleone.art\/it\/siena-lopera-di-jacob-hashimoto-vola-dal-santa-maria-della-scala-al-moma-di-san-francisco\/#primaryimage\"},\"thumbnailUrl\":\"https:\/\/www.cristianoleone.art\/wp-content\/uploads\/2025\/10\/01.jpg\",\"datePublished\":\"2025-10-27T09:16:09+00:00\",\"breadcrumb\":{\"@id\":\"https:\/\/www.cristianoleone.art\/it\/siena-lopera-di-jacob-hashimoto-vola-dal-santa-maria-della-scala-al-moma-di-san-francisco\/#breadcrumb\"},\"inLanguage\":\"it-IT\",\"potentialAction\":[{\"@type\":\"ReadAction\",\"target\":[\"https:\/\/www.cristianoleone.art\/it\/siena-lopera-di-jacob-hashimoto-vola-dal-santa-maria-della-scala-al-moma-di-san-francisco\/\"]}]},{\"@type\":\"ImageObject\",\"inLanguage\":\"it-IT\",\"@id\":\"https:\/\/www.cristianoleone.art\/it\/siena-lopera-di-jacob-hashimoto-vola-dal-santa-maria-della-scala-al-moma-di-san-francisco\/#primaryimage\",\"url\":\"https:\/\/www.cristianoleone.art\/wp-content\/uploads\/2025\/10\/01.jpg\",\"contentUrl\":\"https:\/\/www.cristianoleone.art\/wp-content\/uploads\/2025\/10\/01.jpg\",\"width\":1920,\"height\":1280,\"caption\":\"santa maria della scala inaugurazione mostra di Jacob Hashimoto\"},{\"@type\":\"BreadcrumbList\",\"@id\":\"https:\/\/www.cristianoleone.art\/it\/siena-lopera-di-jacob-hashimoto-vola-dal-santa-maria-della-scala-al-moma-di-san-francisco\/#breadcrumb\",\"itemListElement\":[{\"@type\":\"ListItem\",\"position\":1,\"name\":\"Home\",\"item\":\"https:\/\/www.cristianoleone.art\/it\/\"},{\"@type\":\"ListItem\",\"position\":2,\"name\":\"Siena, l\u2019opera di Jacob Hashimoto vola dal Santa Maria della Scala al MoMA di San Francisco\"}]},{\"@type\":\"WebSite\",\"@id\":\"https:\/\/www.cristianoleone.art\/it\/#website\",\"url\":\"https:\/\/www.cristianoleone.art\/it\/\",\"name\":\"Cristiano Leone\",\"description\":\"\",\"publisher\":{\"@id\":\"https:\/\/www.cristianoleone.art\/it\/#organization\"},\"potentialAction\":[{\"@type\":\"SearchAction\",\"target\":{\"@type\":\"EntryPoint\",\"urlTemplate\":\"https:\/\/www.cristianoleone.art\/it\/?s={search_term_string}\"},\"query-input\":{\"@type\":\"PropertyValueSpecification\",\"valueRequired\":true,\"valueName\":\"search_term_string\"}}],\"inLanguage\":\"it-IT\"},{\"@type\":\"Organization\",\"@id\":\"https:\/\/www.cristianoleone.art\/it\/#organization\",\"name\":\"Cristiano Leone\",\"url\":\"https:\/\/www.cristianoleone.art\/it\/\",\"logo\":{\"@type\":\"ImageObject\",\"inLanguage\":\"it-IT\",\"@id\":\"https:\/\/www.cristianoleone.art\/it\/#\/schema\/logo\/image\/\",\"url\":\"https:\/\/www.cristianoleone.art\/wp-content\/uploads\/2024\/06\/logo.png\",\"contentUrl\":\"https:\/\/www.cristianoleone.art\/wp-content\/uploads\/2024\/06\/logo.png\",\"width\":278,\"height\":50,\"caption\":\"Cristiano Leone\"},\"image\":{\"@id\":\"https:\/\/www.cristianoleone.art\/it\/#\/schema\/logo\/image\/\"}},{\"@type\":\"Person\",\"@id\":\"https:\/\/www.cristianoleone.art\/it\/#\/schema\/person\/dcb6be6e188a30d9e9cdaa4accf24b60\",\"name\":\"Davide\",\"image\":{\"@type\":\"ImageObject\",\"inLanguage\":\"it-IT\",\"@id\":\"https:\/\/www.cristianoleone.art\/it\/#\/schema\/person\/image\/\",\"url\":\"https:\/\/secure.gravatar.com\/avatar\/1bf109b4e9e1759fe0904860a31a55339d0b9ade610b176525bb0ef8ab781962?s=96&d=mm&r=g\",\"contentUrl\":\"https:\/\/secure.gravatar.com\/avatar\/1bf109b4e9e1759fe0904860a31a55339d0b9ade610b176525bb0ef8ab781962?s=96&d=mm&r=g\",\"caption\":\"Davide\"}}]}<\/script>\n<!-- \/ Yoast SEO plugin. -->","yoast_head_json":{"title":"Siena, l\u2019opera di Jacob Hashimoto vola dal Santa Maria della Scala al MoMA di San Francisco - Cristiano Leone","robots":{"index":"index","follow":"follow","max-snippet":"max-snippet:-1","max-image-preview":"max-image-preview:large","max-video-preview":"max-video-preview:-1"},"canonical":"https:\/\/www.cristianoleone.art\/it\/siena-lopera-di-jacob-hashimoto-vola-dal-santa-maria-della-scala-al-moma-di-san-francisco\/","og_locale":"it_IT","og_type":"article","og_title":"Siena, l\u2019opera di Jacob Hashimoto vola dal Santa Maria della Scala al MoMA di San Francisco - Cristiano Leone","og_description":"Un intreccio di luce, memoria e spiritualit\u00e0 che parte dal cuore di Siena per arrivare fino a San Francisco. \u00c8 questo il viaggio straordinario dell\u2019installazione site-specific firmata dall\u2019artista americano Jacob Hashimoto, realizzata per il Santa Maria della Scala e prossima a essere accolta dal San Francisco Museum of Modern Art (MoMA), uno dei templi mondiali... Read more &raquo;","og_url":"https:\/\/www.cristianoleone.art\/it\/siena-lopera-di-jacob-hashimoto-vola-dal-santa-maria-della-scala-al-moma-di-san-francisco\/","og_site_name":"Cristiano Leone","article_published_time":"2025-10-27T09:16:09+00:00","og_image":[{"width":1920,"height":1280,"url":"https:\/\/www.cristianoleone.art\/wp-content\/uploads\/2025\/10\/01.jpg","type":"image\/jpeg"}],"author":"Davide","twitter_card":"summary_large_image","twitter_misc":{"Scritto da":"Davide","Tempo di lettura stimato":"2 minuti"},"schema":{"@context":"https:\/\/schema.org","@graph":[{"@type":"Article","@id":"https:\/\/www.cristianoleone.art\/it\/siena-lopera-di-jacob-hashimoto-vola-dal-santa-maria-della-scala-al-moma-di-san-francisco\/#article","isPartOf":{"@id":"https:\/\/www.cristianoleone.art\/it\/siena-lopera-di-jacob-hashimoto-vola-dal-santa-maria-della-scala-al-moma-di-san-francisco\/"},"author":{"name":"Davide","@id":"https:\/\/www.cristianoleone.art\/it\/#\/schema\/person\/dcb6be6e188a30d9e9cdaa4accf24b60"},"headline":"Siena, l\u2019opera di Jacob Hashimoto vola dal Santa Maria della Scala al MoMA di San Francisco","datePublished":"2025-10-27T09:16:09+00:00","mainEntityOfPage":{"@id":"https:\/\/www.cristianoleone.art\/it\/siena-lopera-di-jacob-hashimoto-vola-dal-santa-maria-della-scala-al-moma-di-san-francisco\/"},"wordCount":337,"publisher":{"@id":"https:\/\/www.cristianoleone.art\/it\/#organization"},"image":{"@id":"https:\/\/www.cristianoleone.art\/it\/siena-lopera-di-jacob-hashimoto-vola-dal-santa-maria-della-scala-al-moma-di-san-francisco\/#primaryimage"},"thumbnailUrl":"https:\/\/www.cristianoleone.art\/wp-content\/uploads\/2025\/10\/01.jpg","articleSection":["News"],"inLanguage":"it-IT"},{"@type":"WebPage","@id":"https:\/\/www.cristianoleone.art\/it\/siena-lopera-di-jacob-hashimoto-vola-dal-santa-maria-della-scala-al-moma-di-san-francisco\/","url":"https:\/\/www.cristianoleone.art\/it\/siena-lopera-di-jacob-hashimoto-vola-dal-santa-maria-della-scala-al-moma-di-san-francisco\/","name":"Siena, l\u2019opera di Jacob Hashimoto vola dal Santa Maria della Scala al MoMA di San Francisco - Cristiano Leone","isPartOf":{"@id":"https:\/\/www.cristianoleone.art\/it\/#website"},"primaryImageOfPage":{"@id":"https:\/\/www.cristianoleone.art\/it\/siena-lopera-di-jacob-hashimoto-vola-dal-santa-maria-della-scala-al-moma-di-san-francisco\/#primaryimage"},"image":{"@id":"https:\/\/www.cristianoleone.art\/it\/siena-lopera-di-jacob-hashimoto-vola-dal-santa-maria-della-scala-al-moma-di-san-francisco\/#primaryimage"},"thumbnailUrl":"https:\/\/www.cristianoleone.art\/wp-content\/uploads\/2025\/10\/01.jpg","datePublished":"2025-10-27T09:16:09+00:00","breadcrumb":{"@id":"https:\/\/www.cristianoleone.art\/it\/siena-lopera-di-jacob-hashimoto-vola-dal-santa-maria-della-scala-al-moma-di-san-francisco\/#breadcrumb"},"inLanguage":"it-IT","potentialAction":[{"@type":"ReadAction","target":["https:\/\/www.cristianoleone.art\/it\/siena-lopera-di-jacob-hashimoto-vola-dal-santa-maria-della-scala-al-moma-di-san-francisco\/"]}]},{"@type":"ImageObject","inLanguage":"it-IT","@id":"https:\/\/www.cristianoleone.art\/it\/siena-lopera-di-jacob-hashimoto-vola-dal-santa-maria-della-scala-al-moma-di-san-francisco\/#primaryimage","url":"https:\/\/www.cristianoleone.art\/wp-content\/uploads\/2025\/10\/01.jpg","contentUrl":"https:\/\/www.cristianoleone.art\/wp-content\/uploads\/2025\/10\/01.jpg","width":1920,"height":1280,"caption":"santa maria della scala inaugurazione mostra di Jacob Hashimoto"},{"@type":"BreadcrumbList","@id":"https:\/\/www.cristianoleone.art\/it\/siena-lopera-di-jacob-hashimoto-vola-dal-santa-maria-della-scala-al-moma-di-san-francisco\/#breadcrumb","itemListElement":[{"@type":"ListItem","position":1,"name":"Home","item":"https:\/\/www.cristianoleone.art\/it\/"},{"@type":"ListItem","position":2,"name":"Siena, l\u2019opera di Jacob Hashimoto vola dal Santa Maria della Scala al MoMA di San Francisco"}]},{"@type":"WebSite","@id":"https:\/\/www.cristianoleone.art\/it\/#website","url":"https:\/\/www.cristianoleone.art\/it\/","name":"Cristiano Leone","description":"","publisher":{"@id":"https:\/\/www.cristianoleone.art\/it\/#organization"},"potentialAction":[{"@type":"SearchAction","target":{"@type":"EntryPoint","urlTemplate":"https:\/\/www.cristianoleone.art\/it\/?s={search_term_string}"},"query-input":{"@type":"PropertyValueSpecification","valueRequired":true,"valueName":"search_term_string"}}],"inLanguage":"it-IT"},{"@type":"Organization","@id":"https:\/\/www.cristianoleone.art\/it\/#organization","name":"Cristiano Leone","url":"https:\/\/www.cristianoleone.art\/it\/","logo":{"@type":"ImageObject","inLanguage":"it-IT","@id":"https:\/\/www.cristianoleone.art\/it\/#\/schema\/logo\/image\/","url":"https:\/\/www.cristianoleone.art\/wp-content\/uploads\/2024\/06\/logo.png","contentUrl":"https:\/\/www.cristianoleone.art\/wp-content\/uploads\/2024\/06\/logo.png","width":278,"height":50,"caption":"Cristiano Leone"},"image":{"@id":"https:\/\/www.cristianoleone.art\/it\/#\/schema\/logo\/image\/"}},{"@type":"Person","@id":"https:\/\/www.cristianoleone.art\/it\/#\/schema\/person\/dcb6be6e188a30d9e9cdaa4accf24b60","name":"Davide","image":{"@type":"ImageObject","inLanguage":"it-IT","@id":"https:\/\/www.cristianoleone.art\/it\/#\/schema\/person\/image\/","url":"https:\/\/secure.gravatar.com\/avatar\/1bf109b4e9e1759fe0904860a31a55339d0b9ade610b176525bb0ef8ab781962?s=96&d=mm&r=g","contentUrl":"https:\/\/secure.gravatar.com\/avatar\/1bf109b4e9e1759fe0904860a31a55339d0b9ade610b176525bb0ef8ab781962?s=96&d=mm&r=g","caption":"Davide"}}]}},"_links":{"self":[{"href":"https:\/\/www.cristianoleone.art\/it\/wp-json\/wp\/v2\/posts\/890","targetHints":{"allow":["GET"]}}],"collection":[{"href":"https:\/\/www.cristianoleone.art\/it\/wp-json\/wp\/v2\/posts"}],"about":[{"href":"https:\/\/www.cristianoleone.art\/it\/wp-json\/wp\/v2\/types\/post"}],"author":[{"embeddable":true,"href":"https:\/\/www.cristianoleone.art\/it\/wp-json\/wp\/v2\/users\/5"}],"replies":[{"embeddable":true,"href":"https:\/\/www.cristianoleone.art\/it\/wp-json\/wp\/v2\/comments?post=890"}],"version-history":[{"count":2,"href":"https:\/\/www.cristianoleone.art\/it\/wp-json\/wp\/v2\/posts\/890\/revisions"}],"predecessor-version":[{"id":894,"href":"https:\/\/www.cristianoleone.art\/it\/wp-json\/wp\/v2\/posts\/890\/revisions\/894"}],"wp:featuredmedia":[{"embeddable":true,"href":"https:\/\/www.cristianoleone.art\/it\/wp-json\/wp\/v2\/media\/891"}],"wp:attachment":[{"href":"https:\/\/www.cristianoleone.art\/it\/wp-json\/wp\/v2\/media?parent=890"}],"wp:term":[{"taxonomy":"category","embeddable":true,"href":"https:\/\/www.cristianoleone.art\/it\/wp-json\/wp\/v2\/categories?post=890"},{"taxonomy":"post_tag","embeddable":true,"href":"https:\/\/www.cristianoleone.art\/it\/wp-json\/wp\/v2\/tags?post=890"}],"curies":[{"name":"wp","href":"https:\/\/api.w.org\/{rel}","templated":true}]}}