{"id":867,"date":"2025-07-30T17:04:41","date_gmt":"2025-07-30T15:04:41","guid":{"rendered":"https:\/\/www.cristianoleone.art\/?p=867"},"modified":"2025-08-22T19:41:02","modified_gmt":"2025-08-22T17:41:02","slug":"a-siena-nascera-uno-dei-poli-culturali-piu-articolati-ditalia-intervista-la-presidente-cristiano-leone","status":"publish","type":"post","link":"https:\/\/www.cristianoleone.art\/it\/a-siena-nascera-uno-dei-poli-culturali-piu-articolati-ditalia-intervista-la-presidente-cristiano-leone\/","title":{"rendered":"A Siena nascer\u00e0 uno dei poli culturali pi\u00f9 articolati d&#8217;Italia: intervista la Presidente Cristiano Leone"},"content":{"rendered":"<p data-start=\"40\" data-end=\"918\">La nuova governance della Fondazione Antico Ospedale Santa Maria della Scala, insediatasi circa un anno fa e presieduta da Cristiano Leone, si \u00e8 assunta la responsabilit\u00e0 di un progetto complesso e ambizioso: restituire vita a questi vasti spazi e riaprirli con finalit\u00e0 culturali e di ricerca diversificate. Un percorso che ha visto coinvolta la consulenza scientifica del curatore e critico di architettura Luca Molinari e del suo studio, chiamati a riflettere su come dare forma a questa grande sfida. Una prima fase di ricerca ha portato alla selezione di tre studi di fama internazionale \u2013 LAN Architecture, Odile Decq e Hannes Peer \u2013 incaricati di lavorare su diverse aree del Complesso per riportarle alla luce. Arte, architettura, ricerca, contemporaneit\u00e0: in questa intervista, il Presidente della Fondazione racconta la nuova e sfaccettata visione per il suo futuro.<\/p>\n<p data-start=\"920\" data-end=\"954\"><a href=\"https:\/\/www.exibart.com\/musei\/a-siena-nascera-uno-dei-poli-culturali-piu-articolati-ditalia-intervista-al-presidente-di-santa-maria-della-scala\/\">\ud83d\udc49 Continua a leggere su Exibart<\/a><\/p>\n","protected":false},"excerpt":{"rendered":"<p>La nuova governance della Fondazione Antico Ospedale Santa Maria della Scala, insediatasi circa un anno fa e presieduta da Cristiano Leone, si \u00e8 assunta la responsabilit\u00e0 di un progetto complesso e ambizioso: restituire vita a questi vasti spazi e riaprirli con finalit\u00e0 culturali e di ricerca diversificate. Un percorso che ha visto coinvolta la consulenza<a class=\"excerpt-read-more\" href=\"https:\/\/www.cristianoleone.art\/it\/a-siena-nascera-uno-dei-poli-culturali-piu-articolati-ditalia-intervista-la-presidente-cristiano-leone\/\" title=\"ReadA Siena nascer\u00e0 uno dei poli culturali pi\u00f9 articolati d&#8217;Italia: intervista la Presidente Cristiano Leone\">&#8230; Read more &raquo;<\/a><\/p>\n","protected":false},"author":3,"featured_media":836,"comment_status":"closed","ping_status":"closed","sticky":false,"template":"","format":"standard","meta":{"_acf_changed":false,"footnotes":""},"categories":[21],"tags":[],"class_list":["post-867","post","type-post","status-publish","format-standard","has-post-thumbnail","hentry","category-event"],"acf":[],"yoast_head":"<!-- This site is optimized with the Yoast SEO plugin v24.4 - https:\/\/yoast.com\/wordpress\/plugins\/seo\/ -->\n<title>A Siena nascer\u00e0 uno dei poli culturali pi\u00f9 articolati d&#039;Italia: intervista la Presidente Cristiano Leone - Cristiano Leone<\/title>\n<meta name=\"robots\" content=\"index, follow, max-snippet:-1, max-image-preview:large, max-video-preview:-1\" \/>\n<link rel=\"canonical\" href=\"https:\/\/www.cristianoleone.art\/it\/a-siena-nascera-uno-dei-poli-culturali-piu-articolati-ditalia-intervista-la-presidente-cristiano-leone\/\" \/>\n<meta property=\"og:locale\" content=\"it_IT\" \/>\n<meta property=\"og:type\" content=\"article\" \/>\n<meta property=\"og:title\" content=\"A Siena nascer\u00e0 uno dei poli culturali pi\u00f9 articolati d&#039;Italia: intervista la Presidente Cristiano Leone - Cristiano Leone\" \/>\n<meta property=\"og:description\" content=\"La nuova governance della Fondazione Antico Ospedale Santa Maria della Scala, insediatasi circa un anno fa e presieduta da Cristiano Leone, si \u00e8 assunta la responsabilit\u00e0 di un progetto complesso e ambizioso: restituire vita a questi vasti spazi e riaprirli con finalit\u00e0 culturali e di ricerca diversificate. Un percorso che ha visto coinvolta la consulenza... Read more &raquo;\" \/>\n<meta property=\"og:url\" content=\"https:\/\/www.cristianoleone.art\/it\/a-siena-nascera-uno-dei-poli-culturali-piu-articolati-ditalia-intervista-la-presidente-cristiano-leone\/\" \/>\n<meta property=\"og:site_name\" content=\"Cristiano Leone\" \/>\n<meta property=\"article:published_time\" content=\"2025-07-30T15:04:41+00:00\" \/>\n<meta property=\"article:modified_time\" content=\"2025-08-22T17:41:02+00:00\" \/>\n<meta property=\"og:image\" content=\"https:\/\/www.cristianoleone.art\/wp-content\/uploads\/2025\/07\/pellegrinaio-Ph.-Luca-Deravignone.jpg\" \/>\n\t<meta property=\"og:image:width\" content=\"1200\" \/>\n\t<meta property=\"og:image:height\" content=\"800\" \/>\n\t<meta property=\"og:image:type\" content=\"image\/jpeg\" \/>\n<meta name=\"author\" content=\"Salvatore\" \/>\n<meta name=\"twitter:card\" content=\"summary_large_image\" \/>\n<meta name=\"twitter:label1\" content=\"Scritto da\" \/>\n\t<meta name=\"twitter:data1\" content=\"Salvatore\" \/>\n\t<meta name=\"twitter:label2\" content=\"Tempo di lettura stimato\" \/>\n\t<meta name=\"twitter:data2\" content=\"1 minuto\" \/>\n<script type=\"application\/ld+json\" class=\"yoast-schema-graph\">{\"@context\":\"https:\/\/schema.org\",\"@graph\":[{\"@type\":\"Article\",\"@id\":\"https:\/\/www.cristianoleone.art\/it\/a-siena-nascera-uno-dei-poli-culturali-piu-articolati-ditalia-intervista-la-presidente-cristiano-leone\/#article\",\"isPartOf\":{\"@id\":\"https:\/\/www.cristianoleone.art\/it\/a-siena-nascera-uno-dei-poli-culturali-piu-articolati-ditalia-intervista-la-presidente-cristiano-leone\/\"},\"author\":{\"name\":\"Salvatore\",\"@id\":\"https:\/\/www.cristianoleone.art\/it\/#\/schema\/person\/bc85ef1e92a4e119ea2334ce886f48ca\"},\"headline\":\"A Siena nascer\u00e0 uno dei poli culturali pi\u00f9 articolati d&#8217;Italia: intervista la Presidente Cristiano Leone\",\"datePublished\":\"2025-07-30T15:04:41+00:00\",\"dateModified\":\"2025-08-22T17:41:02+00:00\",\"mainEntityOfPage\":{\"@id\":\"https:\/\/www.cristianoleone.art\/it\/a-siena-nascera-uno-dei-poli-culturali-piu-articolati-ditalia-intervista-la-presidente-cristiano-leone\/\"},\"wordCount\":153,\"publisher\":{\"@id\":\"https:\/\/www.cristianoleone.art\/it\/#organization\"},\"image\":{\"@id\":\"https:\/\/www.cristianoleone.art\/it\/a-siena-nascera-uno-dei-poli-culturali-piu-articolati-ditalia-intervista-la-presidente-cristiano-leone\/#primaryimage\"},\"thumbnailUrl\":\"https:\/\/www.cristianoleone.art\/wp-content\/uploads\/2025\/07\/pellegrinaio-Ph.-Luca-Deravignone.jpg\",\"articleSection\":[\"Eventi\"],\"inLanguage\":\"it-IT\"},{\"@type\":\"WebPage\",\"@id\":\"https:\/\/www.cristianoleone.art\/it\/a-siena-nascera-uno-dei-poli-culturali-piu-articolati-ditalia-intervista-la-presidente-cristiano-leone\/\",\"url\":\"https:\/\/www.cristianoleone.art\/it\/a-siena-nascera-uno-dei-poli-culturali-piu-articolati-ditalia-intervista-la-presidente-cristiano-leone\/\",\"name\":\"A Siena nascer\u00e0 uno dei poli culturali pi\u00f9 articolati d'Italia: intervista la Presidente Cristiano Leone - Cristiano Leone\",\"isPartOf\":{\"@id\":\"https:\/\/www.cristianoleone.art\/it\/#website\"},\"primaryImageOfPage\":{\"@id\":\"https:\/\/www.cristianoleone.art\/it\/a-siena-nascera-uno-dei-poli-culturali-piu-articolati-ditalia-intervista-la-presidente-cristiano-leone\/#primaryimage\"},\"image\":{\"@id\":\"https:\/\/www.cristianoleone.art\/it\/a-siena-nascera-uno-dei-poli-culturali-piu-articolati-ditalia-intervista-la-presidente-cristiano-leone\/#primaryimage\"},\"thumbnailUrl\":\"https:\/\/www.cristianoleone.art\/wp-content\/uploads\/2025\/07\/pellegrinaio-Ph.-Luca-Deravignone.jpg\",\"datePublished\":\"2025-07-30T15:04:41+00:00\",\"dateModified\":\"2025-08-22T17:41:02+00:00\",\"breadcrumb\":{\"@id\":\"https:\/\/www.cristianoleone.art\/it\/a-siena-nascera-uno-dei-poli-culturali-piu-articolati-ditalia-intervista-la-presidente-cristiano-leone\/#breadcrumb\"},\"inLanguage\":\"it-IT\",\"potentialAction\":[{\"@type\":\"ReadAction\",\"target\":[\"https:\/\/www.cristianoleone.art\/it\/a-siena-nascera-uno-dei-poli-culturali-piu-articolati-ditalia-intervista-la-presidente-cristiano-leone\/\"]}]},{\"@type\":\"ImageObject\",\"inLanguage\":\"it-IT\",\"@id\":\"https:\/\/www.cristianoleone.art\/it\/a-siena-nascera-uno-dei-poli-culturali-piu-articolati-ditalia-intervista-la-presidente-cristiano-leone\/#primaryimage\",\"url\":\"https:\/\/www.cristianoleone.art\/wp-content\/uploads\/2025\/07\/pellegrinaio-Ph.-Luca-Deravignone.jpg\",\"contentUrl\":\"https:\/\/www.cristianoleone.art\/wp-content\/uploads\/2025\/07\/pellegrinaio-Ph.-Luca-Deravignone.jpg\",\"width\":1200,\"height\":800},{\"@type\":\"BreadcrumbList\",\"@id\":\"https:\/\/www.cristianoleone.art\/it\/a-siena-nascera-uno-dei-poli-culturali-piu-articolati-ditalia-intervista-la-presidente-cristiano-leone\/#breadcrumb\",\"itemListElement\":[{\"@type\":\"ListItem\",\"position\":1,\"name\":\"Home\",\"item\":\"https:\/\/www.cristianoleone.art\/it\/\"},{\"@type\":\"ListItem\",\"position\":2,\"name\":\"A Siena nascer\u00e0 uno dei poli culturali pi\u00f9 articolati d&#8217;Italia: intervista la Presidente Cristiano Leone\"}]},{\"@type\":\"WebSite\",\"@id\":\"https:\/\/www.cristianoleone.art\/it\/#website\",\"url\":\"https:\/\/www.cristianoleone.art\/it\/\",\"name\":\"Cristiano Leone\",\"description\":\"\",\"publisher\":{\"@id\":\"https:\/\/www.cristianoleone.art\/it\/#organization\"},\"potentialAction\":[{\"@type\":\"SearchAction\",\"target\":{\"@type\":\"EntryPoint\",\"urlTemplate\":\"https:\/\/www.cristianoleone.art\/it\/?s={search_term_string}\"},\"query-input\":{\"@type\":\"PropertyValueSpecification\",\"valueRequired\":true,\"valueName\":\"search_term_string\"}}],\"inLanguage\":\"it-IT\"},{\"@type\":\"Organization\",\"@id\":\"https:\/\/www.cristianoleone.art\/it\/#organization\",\"name\":\"Cristiano Leone\",\"url\":\"https:\/\/www.cristianoleone.art\/it\/\",\"logo\":{\"@type\":\"ImageObject\",\"inLanguage\":\"it-IT\",\"@id\":\"https:\/\/www.cristianoleone.art\/it\/#\/schema\/logo\/image\/\",\"url\":\"https:\/\/www.cristianoleone.art\/wp-content\/uploads\/2024\/06\/logo.png\",\"contentUrl\":\"https:\/\/www.cristianoleone.art\/wp-content\/uploads\/2024\/06\/logo.png\",\"width\":278,\"height\":50,\"caption\":\"Cristiano Leone\"},\"image\":{\"@id\":\"https:\/\/www.cristianoleone.art\/it\/#\/schema\/logo\/image\/\"}},{\"@type\":\"Person\",\"@id\":\"https:\/\/www.cristianoleone.art\/it\/#\/schema\/person\/bc85ef1e92a4e119ea2334ce886f48ca\",\"name\":\"Salvatore\",\"image\":{\"@type\":\"ImageObject\",\"inLanguage\":\"it-IT\",\"@id\":\"https:\/\/www.cristianoleone.art\/it\/#\/schema\/person\/image\/\",\"url\":\"https:\/\/secure.gravatar.com\/avatar\/90f87aa3598d43e55242465e080faf5bc1002bc7fa1362365e59cfdf690ad9b5?s=96&d=mm&r=g\",\"contentUrl\":\"https:\/\/secure.gravatar.com\/avatar\/90f87aa3598d43e55242465e080faf5bc1002bc7fa1362365e59cfdf690ad9b5?s=96&d=mm&r=g\",\"caption\":\"Salvatore\"}}]}<\/script>\n<!-- \/ Yoast SEO plugin. -->","yoast_head_json":{"title":"A Siena nascer\u00e0 uno dei poli culturali pi\u00f9 articolati d'Italia: intervista la Presidente Cristiano Leone - Cristiano Leone","robots":{"index":"index","follow":"follow","max-snippet":"max-snippet:-1","max-image-preview":"max-image-preview:large","max-video-preview":"max-video-preview:-1"},"canonical":"https:\/\/www.cristianoleone.art\/it\/a-siena-nascera-uno-dei-poli-culturali-piu-articolati-ditalia-intervista-la-presidente-cristiano-leone\/","og_locale":"it_IT","og_type":"article","og_title":"A Siena nascer\u00e0 uno dei poli culturali pi\u00f9 articolati d'Italia: intervista la Presidente Cristiano Leone - Cristiano Leone","og_description":"La nuova governance della Fondazione Antico Ospedale Santa Maria della Scala, insediatasi circa un anno fa e presieduta da Cristiano Leone, si \u00e8 assunta la responsabilit\u00e0 di un progetto complesso e ambizioso: restituire vita a questi vasti spazi e riaprirli con finalit\u00e0 culturali e di ricerca diversificate. Un percorso che ha visto coinvolta la consulenza... Read more &raquo;","og_url":"https:\/\/www.cristianoleone.art\/it\/a-siena-nascera-uno-dei-poli-culturali-piu-articolati-ditalia-intervista-la-presidente-cristiano-leone\/","og_site_name":"Cristiano Leone","article_published_time":"2025-07-30T15:04:41+00:00","article_modified_time":"2025-08-22T17:41:02+00:00","og_image":[{"width":1200,"height":800,"url":"https:\/\/www.cristianoleone.art\/wp-content\/uploads\/2025\/07\/pellegrinaio-Ph.-Luca-Deravignone.jpg","type":"image\/jpeg"}],"author":"Salvatore","twitter_card":"summary_large_image","twitter_misc":{"Scritto da":"Salvatore","Tempo di lettura stimato":"1 minuto"},"schema":{"@context":"https:\/\/schema.org","@graph":[{"@type":"Article","@id":"https:\/\/www.cristianoleone.art\/it\/a-siena-nascera-uno-dei-poli-culturali-piu-articolati-ditalia-intervista-la-presidente-cristiano-leone\/#article","isPartOf":{"@id":"https:\/\/www.cristianoleone.art\/it\/a-siena-nascera-uno-dei-poli-culturali-piu-articolati-ditalia-intervista-la-presidente-cristiano-leone\/"},"author":{"name":"Salvatore","@id":"https:\/\/www.cristianoleone.art\/it\/#\/schema\/person\/bc85ef1e92a4e119ea2334ce886f48ca"},"headline":"A Siena nascer\u00e0 uno dei poli culturali pi\u00f9 articolati d&#8217;Italia: intervista la Presidente Cristiano Leone","datePublished":"2025-07-30T15:04:41+00:00","dateModified":"2025-08-22T17:41:02+00:00","mainEntityOfPage":{"@id":"https:\/\/www.cristianoleone.art\/it\/a-siena-nascera-uno-dei-poli-culturali-piu-articolati-ditalia-intervista-la-presidente-cristiano-leone\/"},"wordCount":153,"publisher":{"@id":"https:\/\/www.cristianoleone.art\/it\/#organization"},"image":{"@id":"https:\/\/www.cristianoleone.art\/it\/a-siena-nascera-uno-dei-poli-culturali-piu-articolati-ditalia-intervista-la-presidente-cristiano-leone\/#primaryimage"},"thumbnailUrl":"https:\/\/www.cristianoleone.art\/wp-content\/uploads\/2025\/07\/pellegrinaio-Ph.-Luca-Deravignone.jpg","articleSection":["Eventi"],"inLanguage":"it-IT"},{"@type":"WebPage","@id":"https:\/\/www.cristianoleone.art\/it\/a-siena-nascera-uno-dei-poli-culturali-piu-articolati-ditalia-intervista-la-presidente-cristiano-leone\/","url":"https:\/\/www.cristianoleone.art\/it\/a-siena-nascera-uno-dei-poli-culturali-piu-articolati-ditalia-intervista-la-presidente-cristiano-leone\/","name":"A Siena nascer\u00e0 uno dei poli culturali pi\u00f9 articolati d'Italia: intervista la Presidente Cristiano Leone - Cristiano Leone","isPartOf":{"@id":"https:\/\/www.cristianoleone.art\/it\/#website"},"primaryImageOfPage":{"@id":"https:\/\/www.cristianoleone.art\/it\/a-siena-nascera-uno-dei-poli-culturali-piu-articolati-ditalia-intervista-la-presidente-cristiano-leone\/#primaryimage"},"image":{"@id":"https:\/\/www.cristianoleone.art\/it\/a-siena-nascera-uno-dei-poli-culturali-piu-articolati-ditalia-intervista-la-presidente-cristiano-leone\/#primaryimage"},"thumbnailUrl":"https:\/\/www.cristianoleone.art\/wp-content\/uploads\/2025\/07\/pellegrinaio-Ph.-Luca-Deravignone.jpg","datePublished":"2025-07-30T15:04:41+00:00","dateModified":"2025-08-22T17:41:02+00:00","breadcrumb":{"@id":"https:\/\/www.cristianoleone.art\/it\/a-siena-nascera-uno-dei-poli-culturali-piu-articolati-ditalia-intervista-la-presidente-cristiano-leone\/#breadcrumb"},"inLanguage":"it-IT","potentialAction":[{"@type":"ReadAction","target":["https:\/\/www.cristianoleone.art\/it\/a-siena-nascera-uno-dei-poli-culturali-piu-articolati-ditalia-intervista-la-presidente-cristiano-leone\/"]}]},{"@type":"ImageObject","inLanguage":"it-IT","@id":"https:\/\/www.cristianoleone.art\/it\/a-siena-nascera-uno-dei-poli-culturali-piu-articolati-ditalia-intervista-la-presidente-cristiano-leone\/#primaryimage","url":"https:\/\/www.cristianoleone.art\/wp-content\/uploads\/2025\/07\/pellegrinaio-Ph.-Luca-Deravignone.jpg","contentUrl":"https:\/\/www.cristianoleone.art\/wp-content\/uploads\/2025\/07\/pellegrinaio-Ph.-Luca-Deravignone.jpg","width":1200,"height":800},{"@type":"BreadcrumbList","@id":"https:\/\/www.cristianoleone.art\/it\/a-siena-nascera-uno-dei-poli-culturali-piu-articolati-ditalia-intervista-la-presidente-cristiano-leone\/#breadcrumb","itemListElement":[{"@type":"ListItem","position":1,"name":"Home","item":"https:\/\/www.cristianoleone.art\/it\/"},{"@type":"ListItem","position":2,"name":"A Siena nascer\u00e0 uno dei poli culturali pi\u00f9 articolati d&#8217;Italia: intervista la Presidente Cristiano Leone"}]},{"@type":"WebSite","@id":"https:\/\/www.cristianoleone.art\/it\/#website","url":"https:\/\/www.cristianoleone.art\/it\/","name":"Cristiano Leone","description":"","publisher":{"@id":"https:\/\/www.cristianoleone.art\/it\/#organization"},"potentialAction":[{"@type":"SearchAction","target":{"@type":"EntryPoint","urlTemplate":"https:\/\/www.cristianoleone.art\/it\/?s={search_term_string}"},"query-input":{"@type":"PropertyValueSpecification","valueRequired":true,"valueName":"search_term_string"}}],"inLanguage":"it-IT"},{"@type":"Organization","@id":"https:\/\/www.cristianoleone.art\/it\/#organization","name":"Cristiano Leone","url":"https:\/\/www.cristianoleone.art\/it\/","logo":{"@type":"ImageObject","inLanguage":"it-IT","@id":"https:\/\/www.cristianoleone.art\/it\/#\/schema\/logo\/image\/","url":"https:\/\/www.cristianoleone.art\/wp-content\/uploads\/2024\/06\/logo.png","contentUrl":"https:\/\/www.cristianoleone.art\/wp-content\/uploads\/2024\/06\/logo.png","width":278,"height":50,"caption":"Cristiano Leone"},"image":{"@id":"https:\/\/www.cristianoleone.art\/it\/#\/schema\/logo\/image\/"}},{"@type":"Person","@id":"https:\/\/www.cristianoleone.art\/it\/#\/schema\/person\/bc85ef1e92a4e119ea2334ce886f48ca","name":"Salvatore","image":{"@type":"ImageObject","inLanguage":"it-IT","@id":"https:\/\/www.cristianoleone.art\/it\/#\/schema\/person\/image\/","url":"https:\/\/secure.gravatar.com\/avatar\/90f87aa3598d43e55242465e080faf5bc1002bc7fa1362365e59cfdf690ad9b5?s=96&d=mm&r=g","contentUrl":"https:\/\/secure.gravatar.com\/avatar\/90f87aa3598d43e55242465e080faf5bc1002bc7fa1362365e59cfdf690ad9b5?s=96&d=mm&r=g","caption":"Salvatore"}}]}},"_links":{"self":[{"href":"https:\/\/www.cristianoleone.art\/it\/wp-json\/wp\/v2\/posts\/867","targetHints":{"allow":["GET"]}}],"collection":[{"href":"https:\/\/www.cristianoleone.art\/it\/wp-json\/wp\/v2\/posts"}],"about":[{"href":"https:\/\/www.cristianoleone.art\/it\/wp-json\/wp\/v2\/types\/post"}],"author":[{"embeddable":true,"href":"https:\/\/www.cristianoleone.art\/it\/wp-json\/wp\/v2\/users\/3"}],"replies":[{"embeddable":true,"href":"https:\/\/www.cristianoleone.art\/it\/wp-json\/wp\/v2\/comments?post=867"}],"version-history":[{"count":1,"href":"https:\/\/www.cristianoleone.art\/it\/wp-json\/wp\/v2\/posts\/867\/revisions"}],"predecessor-version":[{"id":868,"href":"https:\/\/www.cristianoleone.art\/it\/wp-json\/wp\/v2\/posts\/867\/revisions\/868"}],"wp:featuredmedia":[{"embeddable":true,"href":"https:\/\/www.cristianoleone.art\/it\/wp-json\/wp\/v2\/media\/836"}],"wp:attachment":[{"href":"https:\/\/www.cristianoleone.art\/it\/wp-json\/wp\/v2\/media?parent=867"}],"wp:term":[{"taxonomy":"category","embeddable":true,"href":"https:\/\/www.cristianoleone.art\/it\/wp-json\/wp\/v2\/categories?post=867"},{"taxonomy":"post_tag","embeddable":true,"href":"https:\/\/www.cristianoleone.art\/it\/wp-json\/wp\/v2\/tags?post=867"}],"curies":[{"name":"wp","href":"https:\/\/api.w.org\/{rel}","templated":true}]}}