{"id":305,"date":"2024-01-08T16:25:57","date_gmt":"2024-01-08T15:25:57","guid":{"rendered":"https:\/\/www.cristianoleone.art\/?p=305"},"modified":"2024-04-24T19:13:10","modified_gmt":"2024-04-24T17:13:10","slug":"cristiano-leone-president-of-the-fondazione-antico-ospedale-santa-maria-della-scala-in-siena","status":"publish","type":"post","link":"https:\/\/www.cristianoleone.art\/it\/cristiano-leone-president-of-the-fondazione-antico-ospedale-santa-maria-della-scala-in-siena\/","title":{"rendered":"Cristiano Leone nominato Presidente della Fondazione Antico Ospedale Santa Maria della Scala"},"content":{"rendered":"\r\n<div class=\"xdj266r x11i5rnm xat24cr x1mh8g0r x1vvkbs x126k92a\">\r\n<div dir=\"auto\">\r\n<p class=\"wp-block-paragraph\">\u00c8 con orgoglio ed emozione che vi annuncio di essere il nuovo Presidente della Fondazione Antico Ospedale Santa Maria della Scala su nomina del Sindaco di Siena, Nicoletta Fabio, al termine di una selezione pubblica.<\/p>\r\n<p>Il Santa Maria della Scala \u00e8 stato uno dei pi\u00f9 imponenti e antichi ospedali europei. \u00c8 ora, a seguito di una colossale opera di recupero, uno dei massimi complessi museali e culturali non solo di Siena, ma d\u2019Italia e d\u2019Europa.<\/p>\r\n<p>La Fondazione oggi accoglie il Museo archeologico nazionale, la Biblioteca e Fototeca Giuliano Briganti, la Collezione Piccolomini Spannocchi, il Museo d\u2019Arte per bambini, nonch\u00e9 un\u2019importantissima serie di itinerari di visita che esplorano la complessit\u00e0 storica, architettonica, artistica e funzionale dell&#8217;edificio, oltre alle opere di immenso valore storico e artistico che contengono, come il capolavoro monumentale della Fonte Gaia di Jacopo della Quercia.<\/p>\r\n<p>Ritorno cos\u00ec nella mia Siena adorata, dopo i magnifici anni trascorsi in occasione del mio dottorato europeo in Filologia Romanza, essendo pienamente consapevole della grande responsabilit\u00e0 del mio ruolo e dell\u2019onore di presiedere un Consiglio di amministrazione composto da personalit\u00e0 di rilievo &#8211; Niccol\u00f2 Fiorini, Viviana Castelli, Francesco Piroli e Massimiliana Quartesan &#8211; e di accompagnare il lavoro della Direttrice Chiara Valdambrini e della sua squadra.<\/p>\r\n<p>Iniziamo a lavorare da subito, consci che il Santa Maria della Scala non \u00e8 il prodotto della storia di singoli individui ma di una collettivit\u00e0, ed \u00e8 in questa chiave che desidero indirizzare la mia visione al servizio di questa istituzione.<\/p>\r\n<p>Da Presidente, ambisco ad apportare la mia doppia competenza, manageriale e artistica, che ho esplorato nel mio insegnamento universitario ma che ho potuto soprattutto applicare, attraverso progetti sia sperimentali che rivolti al grande pubblico, per preservare e valorizzare il patrimonio storico, culturale e artistico del Santa Maria della Scala.<\/p>\r\n<p>Far\u00f2 frutto dell\u2019esperienza professionale presso diverse realt\u00e0 internazionali; indirizzer\u00f2 i miei sforzi a intessere partenariati sia pubblici che privati; proporr\u00f2 di portare la cultura performativa tra le mura del museo; mi adoperer\u00f2 a dare il mio contributo alla strategia della comunicazione, affinch\u00e9 il Santa Maria della Scala trasformi il suo immenso patrimonio culturale in un volano per il territorio, attraverso il dialogo con le arti contemporanee e con la tecnologia, con una sensibilit\u00e0 sempre pi\u00f9 marcata nei confronti della sostenibilit\u00e0, sia energetica che ambientale.<\/p>\r\n<p>Ma prima di ogni cosa, dovremo sempre ricordarci che, cos\u00ec come quando questo luogo fu ospedale, anche la nostra politica culturale dovr\u00e0 essere sempre basata sull\u2019umanit\u00e0 e sul rispetto.<\/p>\r\n<p>Il mio pi\u00f9 grande desiderio, infatti, \u00e8 che questo luogo carico di storia, che ha accolto tra le sue mura milioni di persone nei secoli, possa pienamente trasformarsi in uno spazio collettivo per la mente e lo spirito, un luogo di aggregazione, condivisione, premura, attenzione all\u2019altro, che ci ha preceduti e che ci \u00e8 contemporaneo, e a chi verr\u00e0 dopo di noi.<\/p>\r\n<p>Per questo il mio progetto per il Santa Maria della Scala \u00e8 aperto a tutti coloro che vorranno e potranno contribuirvi.<\/p>\r\n<p>Ringrazio il Sindaco di Siena, Nicoletta Fabio, per avermi giudicato all\u2019altezza di questo compito. Saluto dunque i cittadini senesi, che erano gi\u00e0 nel mio cuore e che da oggi lo sono &#8211; se possibile &#8211; ancora di pi\u00f9; ringrazio il Presidente e i consiglieri uscenti per il loro operato, e tendo e stringo forte la mano ai miei colleghi del nuovo Consiglio di amministrazione, alla Direttrice, al Comitato Scientifico, al Collegio dei Revisori dei Conti, e a tutta la squadra del Santa Maria della Scala.<\/p>\r\n<p>Concludo invitandovi tutti a visitare questo luogo straordinario: io stesso mi ci ero recato appositamente tra un viaggio e l\u2019altro qualche settimana fa per visitare, in particolare, una delle mostre in corso &#8211; quella, raffinatissima, e di livello internazionale nel senso pi\u00f9 alto &#8211; di un artista che ho sempre amato, Fausto Melotti (\u201cFausto Melotti. In leggerezza. Un omaggio a Italo Calvino\u201d, a cura di Michelina Eremita).<\/p>\r\n<p>Ne ero rimasto affascinato, come del resto lo sono stato ogni volta che ho varcato le soglie del portale di accesso del Santa Maria della Scala.<\/p>\r\n<p>E adesso, al lavoro!<\/p>\r\n<\/div>\r\n<\/div>\r\n","protected":false},"excerpt":{"rendered":"<p>\u00c8 con orgoglio ed emozione che vi annuncio di essere il nuovo Presidente della Fondazione Antico Ospedale Santa Maria della Scala su nomina del Sindaco di Siena, Nicoletta Fabio, al termine di una selezione pubblica. Il Santa Maria della Scala \u00e8 stato uno dei pi\u00f9 imponenti e antichi ospedali europei. \u00c8 ora, a seguito di<a class=\"excerpt-read-more\" href=\"https:\/\/www.cristianoleone.art\/it\/cristiano-leone-president-of-the-fondazione-antico-ospedale-santa-maria-della-scala-in-siena\/\" title=\"ReadCristiano Leone nominato Presidente della Fondazione Antico Ospedale Santa Maria della Scala\">&#8230; Read more &raquo;<\/a><\/p>\n","protected":false},"author":5,"featured_media":715,"comment_status":"closed","ping_status":"closed","sticky":false,"template":"","format":"standard","meta":{"_acf_changed":false,"footnotes":""},"categories":[19],"tags":[],"class_list":["post-305","post","type-post","status-publish","format-standard","has-post-thumbnail","hentry","category-news-it"],"acf":[],"yoast_head":"<!-- This site is optimized with the Yoast SEO plugin v24.4 - https:\/\/yoast.com\/wordpress\/plugins\/seo\/ -->\n<title>Cristiano Leone nominato Presidente della Fondazione Antico Ospedale Santa Maria della Scala - Cristiano Leone<\/title>\n<meta name=\"robots\" content=\"index, follow, max-snippet:-1, max-image-preview:large, max-video-preview:-1\" \/>\n<link rel=\"canonical\" href=\"https:\/\/www.cristianoleone.art\/it\/cristiano-leone-president-of-the-fondazione-antico-ospedale-santa-maria-della-scala-in-siena\/\" \/>\n<meta property=\"og:locale\" content=\"it_IT\" \/>\n<meta property=\"og:type\" content=\"article\" \/>\n<meta property=\"og:title\" content=\"Cristiano Leone nominato Presidente della Fondazione Antico Ospedale Santa Maria della Scala - Cristiano Leone\" \/>\n<meta property=\"og:description\" content=\"\u00c8 con orgoglio ed emozione che vi annuncio di essere il nuovo Presidente della Fondazione Antico Ospedale Santa Maria della Scala su nomina del Sindaco di Siena, Nicoletta Fabio, al termine di una selezione pubblica. Il Santa Maria della Scala \u00e8 stato uno dei pi\u00f9 imponenti e antichi ospedali europei. \u00c8 ora, a seguito di... Read more &raquo;\" \/>\n<meta property=\"og:url\" content=\"https:\/\/www.cristianoleone.art\/it\/cristiano-leone-president-of-the-fondazione-antico-ospedale-santa-maria-della-scala-in-siena\/\" \/>\n<meta property=\"og:site_name\" content=\"Cristiano Leone\" \/>\n<meta property=\"article:published_time\" content=\"2024-01-08T15:25:57+00:00\" \/>\n<meta property=\"article:modified_time\" content=\"2024-04-24T17:13:10+00:00\" \/>\n<meta property=\"og:image\" content=\"https:\/\/www.cristianoleone.art\/wp-content\/uploads\/2024\/04\/santa-maria-blog.jpg\" \/>\n\t<meta property=\"og:image:width\" content=\"1000\" \/>\n\t<meta property=\"og:image:height\" content=\"662\" \/>\n\t<meta property=\"og:image:type\" content=\"image\/jpeg\" \/>\n<meta name=\"author\" content=\"Davide\" \/>\n<meta name=\"twitter:card\" content=\"summary_large_image\" \/>\n<meta name=\"twitter:label1\" content=\"Scritto da\" \/>\n\t<meta name=\"twitter:data1\" content=\"Davide\" \/>\n\t<meta name=\"twitter:label2\" content=\"Tempo di lettura stimato\" \/>\n\t<meta name=\"twitter:data2\" content=\"4 minuti\" \/>\n<script type=\"application\/ld+json\" class=\"yoast-schema-graph\">{\"@context\":\"https:\/\/schema.org\",\"@graph\":[{\"@type\":\"Article\",\"@id\":\"https:\/\/www.cristianoleone.art\/it\/cristiano-leone-president-of-the-fondazione-antico-ospedale-santa-maria-della-scala-in-siena\/#article\",\"isPartOf\":{\"@id\":\"https:\/\/www.cristianoleone.art\/it\/cristiano-leone-president-of-the-fondazione-antico-ospedale-santa-maria-della-scala-in-siena\/\"},\"author\":{\"name\":\"Davide\",\"@id\":\"https:\/\/www.cristianoleone.art\/it\/#\/schema\/person\/dcb6be6e188a30d9e9cdaa4accf24b60\"},\"headline\":\"Cristiano Leone nominato Presidente della Fondazione Antico Ospedale Santa Maria della Scala\",\"datePublished\":\"2024-01-08T15:25:57+00:00\",\"dateModified\":\"2024-04-24T17:13:10+00:00\",\"mainEntityOfPage\":{\"@id\":\"https:\/\/www.cristianoleone.art\/it\/cristiano-leone-president-of-the-fondazione-antico-ospedale-santa-maria-della-scala-in-siena\/\"},\"wordCount\":685,\"publisher\":{\"@id\":\"https:\/\/www.cristianoleone.art\/it\/#organization\"},\"image\":{\"@id\":\"https:\/\/www.cristianoleone.art\/it\/cristiano-leone-president-of-the-fondazione-antico-ospedale-santa-maria-della-scala-in-siena\/#primaryimage\"},\"thumbnailUrl\":\"https:\/\/www.cristianoleone.art\/wp-content\/uploads\/2024\/04\/santa-maria-blog.jpg\",\"articleSection\":[\"News\"],\"inLanguage\":\"it-IT\"},{\"@type\":\"WebPage\",\"@id\":\"https:\/\/www.cristianoleone.art\/it\/cristiano-leone-president-of-the-fondazione-antico-ospedale-santa-maria-della-scala-in-siena\/\",\"url\":\"https:\/\/www.cristianoleone.art\/it\/cristiano-leone-president-of-the-fondazione-antico-ospedale-santa-maria-della-scala-in-siena\/\",\"name\":\"Cristiano Leone nominato Presidente della Fondazione Antico Ospedale Santa Maria della Scala - Cristiano Leone\",\"isPartOf\":{\"@id\":\"https:\/\/www.cristianoleone.art\/it\/#website\"},\"primaryImageOfPage\":{\"@id\":\"https:\/\/www.cristianoleone.art\/it\/cristiano-leone-president-of-the-fondazione-antico-ospedale-santa-maria-della-scala-in-siena\/#primaryimage\"},\"image\":{\"@id\":\"https:\/\/www.cristianoleone.art\/it\/cristiano-leone-president-of-the-fondazione-antico-ospedale-santa-maria-della-scala-in-siena\/#primaryimage\"},\"thumbnailUrl\":\"https:\/\/www.cristianoleone.art\/wp-content\/uploads\/2024\/04\/santa-maria-blog.jpg\",\"datePublished\":\"2024-01-08T15:25:57+00:00\",\"dateModified\":\"2024-04-24T17:13:10+00:00\",\"breadcrumb\":{\"@id\":\"https:\/\/www.cristianoleone.art\/it\/cristiano-leone-president-of-the-fondazione-antico-ospedale-santa-maria-della-scala-in-siena\/#breadcrumb\"},\"inLanguage\":\"it-IT\",\"potentialAction\":[{\"@type\":\"ReadAction\",\"target\":[\"https:\/\/www.cristianoleone.art\/it\/cristiano-leone-president-of-the-fondazione-antico-ospedale-santa-maria-della-scala-in-siena\/\"]}]},{\"@type\":\"ImageObject\",\"inLanguage\":\"it-IT\",\"@id\":\"https:\/\/www.cristianoleone.art\/it\/cristiano-leone-president-of-the-fondazione-antico-ospedale-santa-maria-della-scala-in-siena\/#primaryimage\",\"url\":\"https:\/\/www.cristianoleone.art\/wp-content\/uploads\/2024\/04\/santa-maria-blog.jpg\",\"contentUrl\":\"https:\/\/www.cristianoleone.art\/wp-content\/uploads\/2024\/04\/santa-maria-blog.jpg\",\"width\":1000,\"height\":662},{\"@type\":\"BreadcrumbList\",\"@id\":\"https:\/\/www.cristianoleone.art\/it\/cristiano-leone-president-of-the-fondazione-antico-ospedale-santa-maria-della-scala-in-siena\/#breadcrumb\",\"itemListElement\":[{\"@type\":\"ListItem\",\"position\":1,\"name\":\"Home\",\"item\":\"https:\/\/www.cristianoleone.art\/it\/\"},{\"@type\":\"ListItem\",\"position\":2,\"name\":\"Cristiano Leone nominato Presidente della Fondazione Antico Ospedale Santa Maria della Scala\"}]},{\"@type\":\"WebSite\",\"@id\":\"https:\/\/www.cristianoleone.art\/it\/#website\",\"url\":\"https:\/\/www.cristianoleone.art\/it\/\",\"name\":\"Cristiano Leone\",\"description\":\"\",\"publisher\":{\"@id\":\"https:\/\/www.cristianoleone.art\/it\/#organization\"},\"potentialAction\":[{\"@type\":\"SearchAction\",\"target\":{\"@type\":\"EntryPoint\",\"urlTemplate\":\"https:\/\/www.cristianoleone.art\/it\/?s={search_term_string}\"},\"query-input\":{\"@type\":\"PropertyValueSpecification\",\"valueRequired\":true,\"valueName\":\"search_term_string\"}}],\"inLanguage\":\"it-IT\"},{\"@type\":\"Organization\",\"@id\":\"https:\/\/www.cristianoleone.art\/it\/#organization\",\"name\":\"Cristiano Leone\",\"url\":\"https:\/\/www.cristianoleone.art\/it\/\",\"logo\":{\"@type\":\"ImageObject\",\"inLanguage\":\"it-IT\",\"@id\":\"https:\/\/www.cristianoleone.art\/it\/#\/schema\/logo\/image\/\",\"url\":\"https:\/\/www.cristianoleone.art\/wp-content\/uploads\/2024\/06\/logo.png\",\"contentUrl\":\"https:\/\/www.cristianoleone.art\/wp-content\/uploads\/2024\/06\/logo.png\",\"width\":278,\"height\":50,\"caption\":\"Cristiano Leone\"},\"image\":{\"@id\":\"https:\/\/www.cristianoleone.art\/it\/#\/schema\/logo\/image\/\"}},{\"@type\":\"Person\",\"@id\":\"https:\/\/www.cristianoleone.art\/it\/#\/schema\/person\/dcb6be6e188a30d9e9cdaa4accf24b60\",\"name\":\"Davide\",\"image\":{\"@type\":\"ImageObject\",\"inLanguage\":\"it-IT\",\"@id\":\"https:\/\/www.cristianoleone.art\/it\/#\/schema\/person\/image\/\",\"url\":\"https:\/\/secure.gravatar.com\/avatar\/1bf109b4e9e1759fe0904860a31a55339d0b9ade610b176525bb0ef8ab781962?s=96&d=mm&r=g\",\"contentUrl\":\"https:\/\/secure.gravatar.com\/avatar\/1bf109b4e9e1759fe0904860a31a55339d0b9ade610b176525bb0ef8ab781962?s=96&d=mm&r=g\",\"caption\":\"Davide\"}}]}<\/script>\n<!-- \/ Yoast SEO plugin. -->","yoast_head_json":{"title":"Cristiano Leone nominato Presidente della Fondazione Antico Ospedale Santa Maria della Scala - Cristiano Leone","robots":{"index":"index","follow":"follow","max-snippet":"max-snippet:-1","max-image-preview":"max-image-preview:large","max-video-preview":"max-video-preview:-1"},"canonical":"https:\/\/www.cristianoleone.art\/it\/cristiano-leone-president-of-the-fondazione-antico-ospedale-santa-maria-della-scala-in-siena\/","og_locale":"it_IT","og_type":"article","og_title":"Cristiano Leone nominato Presidente della Fondazione Antico Ospedale Santa Maria della Scala - Cristiano Leone","og_description":"\u00c8 con orgoglio ed emozione che vi annuncio di essere il nuovo Presidente della Fondazione Antico Ospedale Santa Maria della Scala su nomina del Sindaco di Siena, Nicoletta Fabio, al termine di una selezione pubblica. Il Santa Maria della Scala \u00e8 stato uno dei pi\u00f9 imponenti e antichi ospedali europei. \u00c8 ora, a seguito di... Read more &raquo;","og_url":"https:\/\/www.cristianoleone.art\/it\/cristiano-leone-president-of-the-fondazione-antico-ospedale-santa-maria-della-scala-in-siena\/","og_site_name":"Cristiano Leone","article_published_time":"2024-01-08T15:25:57+00:00","article_modified_time":"2024-04-24T17:13:10+00:00","og_image":[{"width":1000,"height":662,"url":"https:\/\/www.cristianoleone.art\/wp-content\/uploads\/2024\/04\/santa-maria-blog.jpg","type":"image\/jpeg"}],"author":"Davide","twitter_card":"summary_large_image","twitter_misc":{"Scritto da":"Davide","Tempo di lettura stimato":"4 minuti"},"schema":{"@context":"https:\/\/schema.org","@graph":[{"@type":"Article","@id":"https:\/\/www.cristianoleone.art\/it\/cristiano-leone-president-of-the-fondazione-antico-ospedale-santa-maria-della-scala-in-siena\/#article","isPartOf":{"@id":"https:\/\/www.cristianoleone.art\/it\/cristiano-leone-president-of-the-fondazione-antico-ospedale-santa-maria-della-scala-in-siena\/"},"author":{"name":"Davide","@id":"https:\/\/www.cristianoleone.art\/it\/#\/schema\/person\/dcb6be6e188a30d9e9cdaa4accf24b60"},"headline":"Cristiano Leone nominato Presidente della Fondazione Antico Ospedale Santa Maria della Scala","datePublished":"2024-01-08T15:25:57+00:00","dateModified":"2024-04-24T17:13:10+00:00","mainEntityOfPage":{"@id":"https:\/\/www.cristianoleone.art\/it\/cristiano-leone-president-of-the-fondazione-antico-ospedale-santa-maria-della-scala-in-siena\/"},"wordCount":685,"publisher":{"@id":"https:\/\/www.cristianoleone.art\/it\/#organization"},"image":{"@id":"https:\/\/www.cristianoleone.art\/it\/cristiano-leone-president-of-the-fondazione-antico-ospedale-santa-maria-della-scala-in-siena\/#primaryimage"},"thumbnailUrl":"https:\/\/www.cristianoleone.art\/wp-content\/uploads\/2024\/04\/santa-maria-blog.jpg","articleSection":["News"],"inLanguage":"it-IT"},{"@type":"WebPage","@id":"https:\/\/www.cristianoleone.art\/it\/cristiano-leone-president-of-the-fondazione-antico-ospedale-santa-maria-della-scala-in-siena\/","url":"https:\/\/www.cristianoleone.art\/it\/cristiano-leone-president-of-the-fondazione-antico-ospedale-santa-maria-della-scala-in-siena\/","name":"Cristiano Leone nominato Presidente della Fondazione Antico Ospedale Santa Maria della Scala - Cristiano Leone","isPartOf":{"@id":"https:\/\/www.cristianoleone.art\/it\/#website"},"primaryImageOfPage":{"@id":"https:\/\/www.cristianoleone.art\/it\/cristiano-leone-president-of-the-fondazione-antico-ospedale-santa-maria-della-scala-in-siena\/#primaryimage"},"image":{"@id":"https:\/\/www.cristianoleone.art\/it\/cristiano-leone-president-of-the-fondazione-antico-ospedale-santa-maria-della-scala-in-siena\/#primaryimage"},"thumbnailUrl":"https:\/\/www.cristianoleone.art\/wp-content\/uploads\/2024\/04\/santa-maria-blog.jpg","datePublished":"2024-01-08T15:25:57+00:00","dateModified":"2024-04-24T17:13:10+00:00","breadcrumb":{"@id":"https:\/\/www.cristianoleone.art\/it\/cristiano-leone-president-of-the-fondazione-antico-ospedale-santa-maria-della-scala-in-siena\/#breadcrumb"},"inLanguage":"it-IT","potentialAction":[{"@type":"ReadAction","target":["https:\/\/www.cristianoleone.art\/it\/cristiano-leone-president-of-the-fondazione-antico-ospedale-santa-maria-della-scala-in-siena\/"]}]},{"@type":"ImageObject","inLanguage":"it-IT","@id":"https:\/\/www.cristianoleone.art\/it\/cristiano-leone-president-of-the-fondazione-antico-ospedale-santa-maria-della-scala-in-siena\/#primaryimage","url":"https:\/\/www.cristianoleone.art\/wp-content\/uploads\/2024\/04\/santa-maria-blog.jpg","contentUrl":"https:\/\/www.cristianoleone.art\/wp-content\/uploads\/2024\/04\/santa-maria-blog.jpg","width":1000,"height":662},{"@type":"BreadcrumbList","@id":"https:\/\/www.cristianoleone.art\/it\/cristiano-leone-president-of-the-fondazione-antico-ospedale-santa-maria-della-scala-in-siena\/#breadcrumb","itemListElement":[{"@type":"ListItem","position":1,"name":"Home","item":"https:\/\/www.cristianoleone.art\/it\/"},{"@type":"ListItem","position":2,"name":"Cristiano Leone nominato Presidente della Fondazione Antico Ospedale Santa Maria della Scala"}]},{"@type":"WebSite","@id":"https:\/\/www.cristianoleone.art\/it\/#website","url":"https:\/\/www.cristianoleone.art\/it\/","name":"Cristiano Leone","description":"","publisher":{"@id":"https:\/\/www.cristianoleone.art\/it\/#organization"},"potentialAction":[{"@type":"SearchAction","target":{"@type":"EntryPoint","urlTemplate":"https:\/\/www.cristianoleone.art\/it\/?s={search_term_string}"},"query-input":{"@type":"PropertyValueSpecification","valueRequired":true,"valueName":"search_term_string"}}],"inLanguage":"it-IT"},{"@type":"Organization","@id":"https:\/\/www.cristianoleone.art\/it\/#organization","name":"Cristiano Leone","url":"https:\/\/www.cristianoleone.art\/it\/","logo":{"@type":"ImageObject","inLanguage":"it-IT","@id":"https:\/\/www.cristianoleone.art\/it\/#\/schema\/logo\/image\/","url":"https:\/\/www.cristianoleone.art\/wp-content\/uploads\/2024\/06\/logo.png","contentUrl":"https:\/\/www.cristianoleone.art\/wp-content\/uploads\/2024\/06\/logo.png","width":278,"height":50,"caption":"Cristiano Leone"},"image":{"@id":"https:\/\/www.cristianoleone.art\/it\/#\/schema\/logo\/image\/"}},{"@type":"Person","@id":"https:\/\/www.cristianoleone.art\/it\/#\/schema\/person\/dcb6be6e188a30d9e9cdaa4accf24b60","name":"Davide","image":{"@type":"ImageObject","inLanguage":"it-IT","@id":"https:\/\/www.cristianoleone.art\/it\/#\/schema\/person\/image\/","url":"https:\/\/secure.gravatar.com\/avatar\/1bf109b4e9e1759fe0904860a31a55339d0b9ade610b176525bb0ef8ab781962?s=96&d=mm&r=g","contentUrl":"https:\/\/secure.gravatar.com\/avatar\/1bf109b4e9e1759fe0904860a31a55339d0b9ade610b176525bb0ef8ab781962?s=96&d=mm&r=g","caption":"Davide"}}]}},"_links":{"self":[{"href":"https:\/\/www.cristianoleone.art\/it\/wp-json\/wp\/v2\/posts\/305","targetHints":{"allow":["GET"]}}],"collection":[{"href":"https:\/\/www.cristianoleone.art\/it\/wp-json\/wp\/v2\/posts"}],"about":[{"href":"https:\/\/www.cristianoleone.art\/it\/wp-json\/wp\/v2\/types\/post"}],"author":[{"embeddable":true,"href":"https:\/\/www.cristianoleone.art\/it\/wp-json\/wp\/v2\/users\/5"}],"replies":[{"embeddable":true,"href":"https:\/\/www.cristianoleone.art\/it\/wp-json\/wp\/v2\/comments?post=305"}],"version-history":[{"count":4,"href":"https:\/\/www.cristianoleone.art\/it\/wp-json\/wp\/v2\/posts\/305\/revisions"}],"predecessor-version":[{"id":718,"href":"https:\/\/www.cristianoleone.art\/it\/wp-json\/wp\/v2\/posts\/305\/revisions\/718"}],"wp:featuredmedia":[{"embeddable":true,"href":"https:\/\/www.cristianoleone.art\/it\/wp-json\/wp\/v2\/media\/715"}],"wp:attachment":[{"href":"https:\/\/www.cristianoleone.art\/it\/wp-json\/wp\/v2\/media?parent=305"}],"wp:term":[{"taxonomy":"category","embeddable":true,"href":"https:\/\/www.cristianoleone.art\/it\/wp-json\/wp\/v2\/categories?post=305"},{"taxonomy":"post_tag","embeddable":true,"href":"https:\/\/www.cristianoleone.art\/it\/wp-json\/wp\/v2\/tags?post=305"}],"curies":[{"name":"wp","href":"https:\/\/api.w.org\/{rel}","templated":true}]}}